{"id":25844,"date":"2018-04-23T06:16:21","date_gmt":"2018-04-23T11:16:21","guid":{"rendered":"http:\/\/www.revistazetta.com\/?p=25844"},"modified":"2018-04-23T06:18:08","modified_gmt":"2018-04-23T11:18:08","slug":"orbita-politica-john-zamora-lunes-23-abril","status":"publish","type":"post","link":"https:\/\/revistazetta.com\/?p=25844","title":{"rendered":"\u00d3rbita Pol\u00edtica de John Zamora \u2013 lunes 23 de abril"},"content":{"rendered":"<p><strong>Preparado para la audiencia<\/strong><\/p>\n<p>El concejal Javier Curi tiene este lunes en la tarde programada la audiencia en donde la Fiscal\u00eda solicitar\u00e1 medida de aseguramiento por la elecci\u00f3n irregular de la excontralora Nubia Fontalvo. Es el mismo proceso por el cual otros ocho concejales recibieron medida domiciliaria, pero que por motivos de salud no se hab\u00eda podido adelantar en su caso.<\/p>\n<p>Curi se encuentra tranquilo y consciente de que el martes ya podr\u00eda estar alejado de sus funciones como concejal, y seguro de haberse desempe\u00f1ado como un concejal anal\u00edtico, estudioso, comprometido y deliberante.<\/p>\n<p>&nbsp;<\/p>\n<p><strong>S\u00faper presidente<\/strong><\/p>\n<p>Desde el viernes pasado se encuentra privado de la libertad el concejal Rodrigo Reyes, por unos hechos relacionados con su ejercicio como alcalde local hace pocos a\u00f1os.<\/p>\n<p>Este lunes es la audiencia de Javier Curi y no se descarta que pueda recibir medida domiciliaria.<\/p>\n<p>De ser as\u00ed, el Concejo sesionar\u00eda con solo seis concejales: Wilson Toncel, Rafael Meza, David Cabalero, C\u00e9sar Pi\u00f3n, Vicente Blel y Judith D\u00edaz.<\/p>\n<p>Reyes y Curi se ven\u00edan desempe\u00f1ando como Primer y Segundo vicepresidente del Concejo, y en su ausencia se registrar\u00eda el caso de una Mesa Directiva de un solo miembro, su presidente Wilson Toncel.<\/p>\n<p>Ni Pi\u00f3n ni D\u00edaz pueden hacer parte de la Mesa porque ya estuvieron ah\u00ed el a\u00f1o pasado y este, y no se puede repetir de inmediato. Solo estar\u00edan habilitados Blel, Meza y Cabalero, pero a ninguno se atrae la idea.<\/p>\n<p>Son situaciones nunca vistas, evidencia de la aguda crisis institucional de Cartagena.<\/p>\n<p>&nbsp;<\/p>\n<p><strong>Indicadores de caf\u00e9<\/strong><\/p>\n<p>La dr\u00e1stica reducci\u00f3n del n\u00famero de concejales de Cartagena se aprecia tambi\u00e9n en los indicadores de caf\u00e9. En las sesiones de 19 concejales, con sus unidades de apoyo y presencia de seguidores, se utilizaban m\u00e1s de dos libras de caf\u00e9 diarias, que se repart\u00edan en cada sesi\u00f3n.<\/p>\n<p>Hoy la cantidad de caf\u00e9 requerida no supera el cuarto de libra, y a veces alcanza para la siguiente sesi\u00f3n.<\/p>\n<p>La encargada de llevar el caf\u00e9 a todos los asistentes es la querid\u00edsima se\u00f1ora Juana Roquelina C\u00e1rdenas Fl\u00f3rez, que con su amabilidad y carisma \u00abendulza\u00bb cada taza que entrega.<\/p>\n<p>&nbsp;<\/p>\n","protected":false},"excerpt":{"rendered":"<p>Preparado para la audiencia El concejal Javier Curi tiene este lunes en la tarde programada la audiencia en donde la Fiscal\u00eda solicitar\u00e1 medida de aseguramiento por la elecci\u00f3n irregular de la excontralora Nubia Fontalvo. Es el mismo proceso por el cual otros ocho concejales recibieron medida domiciliaria, pero que por motivos de salud no se hab\u00eda podido adelantar en su caso. Curi se encuentra tranquilo y consciente de que el martes ya podr\u00eda estar alejado de sus funciones como concejal, y seguro de haberse desempe\u00f1ado como un concejal anal\u00edtico, estudioso,&#8230; <\/p>\n","protected":false},"author":3,"featured_media":25845,"comment_status":"open","ping_status":"closed","sticky":false,"template":"","format":"standard","meta":{"footnotes":"","_links_to":"","_links_to_target":""},"categories":[75,47,44,45],"tags":[],"class_list":["post-25844","post","type-post","status-publish","format-standard","has-post-thumbnail","hentry","category-destacada","category-john-zamora","category-materiagris","category-orbita"],"_links":{"self":[{"href":"https:\/\/revistazetta.com\/index.php?rest_route=\/wp\/v2\/posts\/25844","targetHints":{"allow":["GET"]}}],"collection":[{"href":"https:\/\/revistazetta.com\/index.php?rest_route=\/wp\/v2\/posts"}],"about":[{"href":"https:\/\/revistazetta.com\/index.php?rest_route=\/wp\/v2\/types\/post"}],"author":[{"embeddable":true,"href":"https:\/\/revistazetta.com\/index.php?rest_route=\/wp\/v2\/users\/3"}],"replies":[{"embeddable":true,"href":"https:\/\/revistazetta.com\/index.php?rest_route=%2Fwp%2Fv2%2Fcomments&post=25844"}],"version-history":[{"count":0,"href":"https:\/\/revistazetta.com\/index.php?rest_route=\/wp\/v2\/posts\/25844\/revisions"}],"wp:featuredmedia":[{"embeddable":true,"href":"https:\/\/revistazetta.com\/index.php?rest_route=\/wp\/v2\/media\/25845"}],"wp:attachment":[{"href":"https:\/\/revistazetta.com\/index.php?rest_route=%2Fwp%2Fv2%2Fmedia&parent=25844"}],"wp:term":[{"taxonomy":"category","embeddable":true,"href":"https:\/\/revistazetta.com\/index.php?rest_route=%2Fwp%2Fv2%2Fcategories&post=25844"},{"taxonomy":"post_tag","embeddable":true,"href":"https:\/\/revistazetta.com\/index.php?rest_route=%2Fwp%2Fv2%2Ftags&post=25844"}],"curies":[{"name":"wp","href":"https:\/\/api.w.org\/{rel}","templated":true}]}}