{"id":25846,"date":"2018-04-23T06:52:17","date_gmt":"2018-04-23T11:52:17","guid":{"rendered":"http:\/\/www.revistazetta.com\/?p=25846"},"modified":"2018-04-23T06:52:17","modified_gmt":"2018-04-23T11:52:17","slug":"cuatro-porros-vallenato-produccion-orquesta-sinfonica-bogota","status":"publish","type":"post","link":"https:\/\/revistazetta.com\/?p=25846","title":{"rendered":"Cuatro porros y un vallenato en producci\u00f3n de Orquesta Sinf\u00f3nica de Bogot\u00e1"},"content":{"rendered":"<p>La Orquesta Filarm\u00f3nica de Bogot\u00e1 lanza su nuevo trabajo discogr\u00e1fico \u201c50 a\u00f1os tocando para ti\u201d, un compilado de 10 obras de m\u00fasica colombiana que exaltan el pasillo, bambuco, aguabajo, joropo, cumbia, porro pelayero, vallenato y fandango.<\/p>\n<p>La grabaci\u00f3n cont\u00f3 con la participaci\u00f3n del reconocido productor, pianista y compositor colombiano, Julio Reyes Copello, ganador de 6 premios Grammy y Latin Grammy, y quien ha producido discos y canciones para Alejandro Sanz, Mal\u00fa y Pablo, Florent Pagny, Reamonn, Il Divo, Natasha Bedingfield, Laura Pausini, Jennifer L\u00f3pez, Marc Anthony, Taylor Dayne y Nelly Furtado, entre otros.<\/p>\n<p>\u201cEs un viaje emocional, porque hay m\u00fasica de celebraci\u00f3n, de rumba y tambi\u00e9n de nuestra versi\u00f3n de la melancol\u00eda y la nostalgia; es llevar al oyente por un viaje intenso\u201d, recalc\u00f3 el productor.<\/p>\n<p>Este trabajo tambi\u00e9n cont\u00f3 con el acompa\u00f1amiento del ingeniero de sonido Rafa Sardina, quien ha trabajado de la mano de artistas reconocidos internacionalmente, como Paco de Luc\u00eda, Chris Botti y Pl\u00e1cido Domingo, Shakira y Lady Gaga, entre otros. \u201cEn pocas ocasiones se da que una orquesta tenga la oportunidad de interpretar las obras m\u00e1s aut\u00f3ctonas y folcl\u00f3ricas que incorporan la esencia del pueblo, la cultura y el pa\u00eds\u201d, asegur\u00f3 Sardina.<\/p>\n<p><strong>M\u00fasica actual colombiana <\/strong><\/p>\n<p>\u201cHicimos una selecci\u00f3n muy cuidadosa de 30 obras, las cuales se adjudicaron a un excelente equipo de arreglistas. Posteriormente, las interpretamos todas en conciertos y con la ayuda de la orquesta, escogimos 10, una selecci\u00f3n que tuvo en cuenta par\u00e1metros como calidad del arreglo, impacto en el p\u00fablico, en la orquesta y sonoridad\u201d, explic\u00f3 el maestro Leonardo Marulanda, director art\u00edstico de este nuevo proyecto.<\/p>\n<p>La directora de la OFB resalt\u00f3 que el CD es una lectura de la m\u00fasica actual colombiana, con sonidos diferentes y nuevos arreglistas. \u201cHay un detalle muy importante en este CD y es que no solamente hemos incluido aires tradicionales, sino tambi\u00e9n compositores de la llamada nueva m\u00fasica colombiana como Germ\u00e1n Dar\u00edo P\u00e9rez y Lucas Saboya\u201d, asegur\u00f3 Sandra Meluk.<\/p>\n<p>El trabajo discogr\u00e1fico tiene obras de Lucas Saboya, Le\u00f3n Cardona, Germ\u00e1n Dar\u00edo P\u00e9rez, Hugo Candelario, Arnulfo Brice\u00f1o, Lucho Berm\u00fadez, Rafael Escalona y Victoriano Valencia. Los arreglos estuvieron a cargo de Jaime Jaramillo Arias, Fabio Londo\u00f1o, Ricardo Hern\u00e1ndez Mayorga, Juancho Valencia y Victoriano Valencia.<\/p>\n<p>El CD estar\u00e1 a la venta a partir del s\u00e1bado 28 de abril en nuestros conciertos y en la calle 39 Bis #14 \u2013 57<\/p>\n<p><strong>Concierto de lanzamiento<\/strong><\/p>\n<p>Auditorio Le\u00f3n de Greiff de la Universidad Nacional de Colombia, s\u00e1bado 28 de abril, 4:00 p.m. Boleter\u00eda en la taquilla o en <a href=\"https:\/\/www.tuboleta.com\/\" target=\"_blank\" rel=\"noopener\">www.tuboleta.com<\/a> (Al finalizar el concierto los m\u00fasicos de la OFB firmar\u00e1n aut\u00f3grafos)<\/p>\n<p><strong>Lista de temas CD 50 a\u00f1os tocando para ti:<\/strong><\/p>\n<ol>\n<li><em>Despasillo por favor<\/em>. Pasillo. Lucas Saboya. Arr: Jaime Jaramillo Arias<\/li>\n<li><em>Melod\u00eda triste<\/em>. Pasillo. Le\u00f3n Cardona. Arr: Fabio Londo\u00f1o<\/li>\n<li><em>Ancestro<\/em>. Bambuco. Germ\u00e1n Dar\u00edo P\u00e9rez<\/li>\n<li><em>Pac\u00edfico amoroso<\/em>. Aguabajo. Hugo Candelario. Arr: Jaime Jaramillo Arias<\/li>\n<li><em>Ay mi llanura<\/em>. Joropo. Arnulfo Brice\u00f1o. Arr: Ricardo Hern\u00e1ndez<\/li>\n<li><em>Danza negra<\/em>. Cumbia. Lucho Berm\u00fadez. Arr: Victoriano Valencia<\/li>\n<li><em>Fiesta de negritos<\/em>. Porro. Lucho Berm\u00fadez. Arr: Victoriano Valencia<\/li>\n<li><em>Sapo viejo<\/em>. Porro. Tradicional pelayero. Arr: Victoriano Valencia<\/li>\n<li><em>Jaime Molina<\/em>. Vallenato. Rafael Escalona. Arr: Juancho Valencia<\/li>\n<li><em>San Pelayo<\/em>. Fandango. Victoriano Valencia<\/li>\n<\/ol>\n<p>&nbsp;<\/p>\n<p><strong>Discograf\u00eda de la Orquesta Filarm\u00f3nica de Bogot\u00e1: <\/strong><\/p>\n<p>1980: La OFB public\u00f3 un LP con m\u00fasica instrumental del compositor bogotano Germ\u00e1n Borda con los directores Jorge Sarmiento, Marshall Stith y Carlos Villa<\/p>\n<p>1981: la OFB present\u00f3 el LP Carmi\u00f1a Canta a Colombia con canciones tradicionales colombianas en arreglo para solista y orquesta. La solista fue la soprano Carmi\u00f1a Gallo y los arreglos y direcci\u00f3n estuvieron a cargo de Armando Vel\u00e1squez<\/p>\n<p>1982: La OFB grab\u00f3 y public\u00f3 el LP Homenaje a Jos\u00e9 Barros en arreglos sinf\u00f3nicos y con la direcci\u00f3n del maestro Francisco Zumaqu\u00e9.<\/p>\n<p>1983: La OFB present\u00f3 el LP <em>Sim\u00f3n Bol\u00edvar op. 95<\/em> poema sinf\u00f3nico de Blas Emilio Atehort\u00faa dirigido por Dimitar Manolov.<\/p>\n<p>1989 Grabaci\u00f3n LP R\u00e9quiem de Mozart<\/p>\n<p>1997: 30 a\u00f1os: CD con obras de Blas Emilio, Luis Pulido, Roberto Pineda, Luis Antonio Escobar y Alex Tobar.<\/p>\n<p>1998: Lanzamiento del CD Memorias Musicales Colombianas Volumen 1 con arreglos de m\u00fasica popular y tradicional de Jes\u00fas Pinz\u00f3n, Blas Emilio Atehort\u00faa y Francisco Zumaqu\u00e9. Dirigieron Eduardo Carrizosa y Francisco Rettig.<\/p>\n<p>1999: Lanzamiento del CD Memoras Musicales Colombianas Volumen 2 con arreglos de Blas Emilio Atehort\u00faa, Francisco Zumaqu\u00e9, Armando Vel\u00e1squez, Jes\u00fas Pinz\u00f3n y Fernando Le\u00f3n. Dirigieron Francisco Rettig y Eduardo Carrizosa.<\/p>\n<p>2000: Lanzamiento CD Memorias Musicales Colombianas Volumen 3 con arreglos de Blas Emilio Atehort\u00faa, dirigieron Eduardo Carrizosa, Francisco Rettig, Alejandro Posada y Luis Biava.<\/p>\n<p>2001: Lanzamiento cd Memorias Musicales Colombianas Volumen 4 con arreglos de Jes\u00fas Pinz\u00f3n, Fernando Le\u00f3n, Armando Vel\u00e1squez, Francisco Zumaqu\u00e9 y Samuel Bedoya. Dirigieron Jaime Le\u00f3n y Eduardo Carrizosa.<\/p>\n<p>2002: Lanzamiento CD Memorias Musicales Colombianas Volumen 5 con arreglos de Armando Vel\u00e1squez, Jes\u00fas Pinz\u00f3n, Blas Emilio Atehort\u00faa y Francisco Zumaqu\u00e9. Dirigi\u00f3 Eduardo Carrizosa.<\/p>\n<p>2003: CD Memorias Musicales Colombianas Volumen 6 con arreglos de Isauro Pinz\u00f3n, Jes\u00fas Pinz\u00f3n, Armando Vel\u00e1squez, Fernando Le\u00f3n, Eduardo Carrizosa, Ricardo Hern\u00e1ndez y Fabio Londo\u00f1o. Direcci\u00f3n Eduardo Carrizosa.<\/p>\n<p>2004: Cd Memorias Musicales Colombianas Volumen 7 con arreglos de Isauro Pinz\u00f3, Jes\u00fas Pinz\u00f3n, Javier Fierro, Fabio Londo\u00f1o, Ricardo Hern\u00e1ndez, Andr\u00e9s S\u00e1nchez y Francisco Zumaqu\u00e9. Dirigi\u00f3 Andr\u00e9s Orozco.<\/p>\n<p>2006: CD Kraken Filarm\u00f3nico con arreglos de Juan Sebasti\u00e1n Monsalve, Luis Ram\u00edrez, Camilo P\u00e9rez, David Castro, Ricardo Jaramillo, Ricardo Hern\u00e1ndez y Javier Fierro. Dirigi\u00f3, Ricardo Jaramillo.<\/p>\n<p><strong>2007: CD Orquesta Filarm\u00f3nica de Bogot\u00e1 es Colombia, 40 a\u00f1os, compilaci\u00f3n de arreglos de m\u00fasica tradicional colombiana que gan\u00f3 disco de platino por ventas. En el 2008 este trabajo gan\u00f3 por segundo a\u00f1o consecutivo disco de doble platino por venta y premio Grammy latino.<\/strong><\/p>\n<p>2009: CD Mestizajes: La OFB produjo las fusiones filarm\u00f3nicas que quedaron grabadas en CD junto a Andr\u00e9s Cepeda, el Cholo Valderrama, Aterciopelados, Seresta, Tot\u00f3 la Momposina, Andr\u00e9s Cabas, Puerto Candelaria, Jan\u00edo Coronado, Bah\u00eda Tr\u00edo, M\u00f3nica Giraldo y Choc Quib Town. Cont\u00f3 con la producci\u00f3n de Iv\u00e1n Benavides y la direcci\u00f3n de Ricardo Jaramillo.<\/p>\n<p>2011: DVD Sinfon\u00eca No. 8 de Mahler en Bogot\u00e1 que cont\u00f3 con la participaci\u00f3n de la Orquesta Sinf\u00f3nica Nacional de Colombia y las sopranos Petya Dimtrova, Laura de Soza y Beatr\u00edz Mora, los mezzo sopranos Kismara Pessatti y Karla L\u00f3pez, el tenor Carlos Scibelli, el bar\u00edtono Antonio Torres y el bar\u00edtono bajo Valeriano Lanchas. Direcci\u00f3n: Enrique Diemecke.<\/p>\n<p>2012: \u00e1lbum doble con los CD titulados Jard\u00edn Sonoro, Compositores de Nuestra Am\u00e9rica. Los autores de las obras son los colombianos Adolfo Mej\u00eda, Jos\u00e9 Rozo Contreras y Alex Tobar, el venezolano Inocente Carre\u00f1o y el mexicano y director de la orquesta para este proyecto, Enrique Diemecke.<\/p>\n","protected":false},"excerpt":{"rendered":"<p>La Orquesta Filarm\u00f3nica de Bogot\u00e1 lanza su nuevo trabajo discogr\u00e1fico \u201c50 a\u00f1os tocando para ti\u201d, un compilado de 10 obras de m\u00fasica colombiana que exaltan el pasillo, bambuco, aguabajo, joropo, cumbia, porro pelayero, vallenato y fandango. La grabaci\u00f3n cont\u00f3 con la participaci\u00f3n del reconocido productor, pianista y compositor colombiano, Julio Reyes Copello, ganador de 6 premios Grammy y Latin Grammy, y quien ha producido discos y canciones para Alejandro Sanz, Mal\u00fa y Pablo, Florent Pagny, Reamonn, Il Divo, Natasha Bedingfield, Laura Pausini, Jennifer L\u00f3pez, Marc Anthony, Taylor Dayne y Nelly&#8230; <\/p>\n","protected":false},"author":3,"featured_media":25847,"comment_status":"open","ping_status":"closed","sticky":false,"template":"","format":"standard","meta":{"footnotes":"","_links_to":"","_links_to_target":""},"categories":[41,43],"tags":[],"class_list":["post-25846","post","type-post","status-publish","format-standard","has-post-thumbnail","hentry","category-cultura","category-cultura-musica"],"_links":{"self":[{"href":"https:\/\/revistazetta.com\/index.php?rest_route=\/wp\/v2\/posts\/25846","targetHints":{"allow":["GET"]}}],"collection":[{"href":"https:\/\/revistazetta.com\/index.php?rest_route=\/wp\/v2\/posts"}],"about":[{"href":"https:\/\/revistazetta.com\/index.php?rest_route=\/wp\/v2\/types\/post"}],"author":[{"embeddable":true,"href":"https:\/\/revistazetta.com\/index.php?rest_route=\/wp\/v2\/users\/3"}],"replies":[{"embeddable":true,"href":"https:\/\/revistazetta.com\/index.php?rest_route=%2Fwp%2Fv2%2Fcomments&post=25846"}],"version-history":[{"count":0,"href":"https:\/\/revistazetta.com\/index.php?rest_route=\/wp\/v2\/posts\/25846\/revisions"}],"wp:featuredmedia":[{"embeddable":true,"href":"https:\/\/revistazetta.com\/index.php?rest_route=\/wp\/v2\/media\/25847"}],"wp:attachment":[{"href":"https:\/\/revistazetta.com\/index.php?rest_route=%2Fwp%2Fv2%2Fmedia&parent=25846"}],"wp:term":[{"taxonomy":"category","embeddable":true,"href":"https:\/\/revistazetta.com\/index.php?rest_route=%2Fwp%2Fv2%2Fcategories&post=25846"},{"taxonomy":"post_tag","embeddable":true,"href":"https:\/\/revistazetta.com\/index.php?rest_route=%2Fwp%2Fv2%2Ftags&post=25846"}],"curies":[{"name":"wp","href":"https:\/\/api.w.org\/{rel}","templated":true}]}}