{"id":25848,"date":"2018-04-23T07:02:21","date_gmt":"2018-04-23T12:02:21","guid":{"rendered":"http:\/\/www.revistazetta.com\/?p=25848"},"modified":"2018-04-23T07:03:35","modified_gmt":"2018-04-23T12:03:35","slug":"compromiso-los-cartageneros-quinto-guerra","status":"publish","type":"post","link":"https:\/\/revistazetta.com\/?p=25848","title":{"rendered":"\u201cMi compromiso es con los cartageneros\u201d: Quinto Guerra"},"content":{"rendered":"<p><img loading=\"lazy\" decoding=\"async\" class=\"alignright size-medium wp-image-25851\" src=\"https:\/\/www.revistazetta.com\/wp-content\/uploads\/2018\/04\/caminatamandela3-300x200.jpg\" alt=\"\" width=\"300\" height=\"200\" srcset=\"https:\/\/revistazetta.com\/wp-content\/uploads\/2018\/04\/caminatamandela3-300x200.jpg 300w, https:\/\/revistazetta.com\/wp-content\/uploads\/2018\/04\/caminatamandela3-1024x682.jpg 1024w, https:\/\/revistazetta.com\/wp-content\/uploads\/2018\/04\/caminatamandela3-219x146.jpg 219w, https:\/\/revistazetta.com\/wp-content\/uploads\/2018\/04\/caminatamandela3-50x33.jpg 50w, https:\/\/revistazetta.com\/wp-content\/uploads\/2018\/04\/caminatamandela3-113x75.jpg 113w, https:\/\/revistazetta.com\/wp-content\/uploads\/2018\/04\/caminatamandela3.jpg 1280w\" sizes=\"auto, (max-width: 300px) 100vw, 300px\" \/>Con un fin\u00a0 de semana lleno de actividades, que inici\u00f3 con una caminata en La Boquilla, otra en Nelson Mandela y una \u00faltima en Canapote, adem\u00e1s de la carrera Quinto K que se realiz\u00f3 en El Campestre, y m\u00faltiples manifestaciones, el candidato a la Alcald\u00eda, Antonio Quinto Guerra, ratific\u00f3\u00a0 su inter\u00e9s por dar a conocer sus propuestas en todos los sectores de la ciudad.<\/p>\n<p>El viernes anterior Quinto camin\u00f3 por las calles de La Boquilla donde recibi\u00f3 el respaldo de la comunidad y de l\u00edderes como William Herrera, entre otros.\u00a0 En su recorrido, Quinto salud\u00f3 a los habitantes de ese corregimiento, entre ellos a Estor Lambis, un septuagenario que le aconsej\u00f3: \u201cGobierne con su coraz\u00f3n, para que mi ciudad y mi Boquilla experimenten un verdadero cambio. Estamos cansados del accionar de los delincuentes\u201d. Quinto respondi\u00f3: \u201cGracias por sus sabias palabras. Conf\u00ede amigo m\u00edo en que gobernar\u00e9 con justicia y, quiero decirle que La Boquilla no estar\u00e1 de espaldas a nuestro Gobierno\u201d.<\/p>\n<p>Seguidamente, dijo: \u201cLos adultos mayores de Marlinda y Villa Gloria tendr\u00e1n plena garant\u00eda de sus derechos. Recibir\u00e1n cuidado y atenci\u00f3n integral por parte del Distrito y podr\u00e1n gozar de una vejez digna\u201d.<\/p>\n<p><img loading=\"lazy\" decoding=\"async\" class=\"alignright size-medium wp-image-25850\" src=\"https:\/\/www.revistazetta.com\/wp-content\/uploads\/2018\/04\/caminatalabouilla1-300x200.jpg\" alt=\"\" width=\"300\" height=\"200\" srcset=\"https:\/\/revistazetta.com\/wp-content\/uploads\/2018\/04\/caminatalabouilla1-300x200.jpg 300w, https:\/\/revistazetta.com\/wp-content\/uploads\/2018\/04\/caminatalabouilla1-1024x682.jpg 1024w, https:\/\/revistazetta.com\/wp-content\/uploads\/2018\/04\/caminatalabouilla1-219x146.jpg 219w, https:\/\/revistazetta.com\/wp-content\/uploads\/2018\/04\/caminatalabouilla1-50x33.jpg 50w, https:\/\/revistazetta.com\/wp-content\/uploads\/2018\/04\/caminatalabouilla1-113x75.jpg 113w, https:\/\/revistazetta.com\/wp-content\/uploads\/2018\/04\/caminatalabouilla1.jpg 1280w\" sizes=\"auto, (max-width: 300px) 100vw, 300px\" \/>\u201cEs Inconcebible las precarias condiciones en las que se encuentra la subestaci\u00f3n de Polic\u00eda de La Boquilla. Como Alcalde, se destinar\u00e1n los recursos necesarios<\/p>\n<p>en materia de seguridad porque la tranquilidad de los nativos y turistas, ser\u00e1 nuestra prioridad\u201d, dijo.<\/p>\n<p>De igual forma, se refiri\u00f3 a las extorsiones a los tenderos y al comercio informal y asegur\u00f3 que ser\u00e1n cosa del pasado en La Boquilla. \u201cRedoblaremos la seguridad de este corregimiento y llevaremos c\u00e1maras inteligentes para judicializar al delincuente\u201d.<\/p>\n<p><b>Por alcantarillados de M\u00e1ndela<\/b><\/p>\n<p>Desde bien temprano, Quinto, acompa\u00f1ado de cientos de seguidores, recorri\u00f3 de palmo a palmo el barrio Nelson Mandela.<\/p>\n<p>\u201cEn esta ma\u00f1ana nos tomamos el barrio Nelson Mandela para llevar un mensaje de esperanza a sus habitantes. Casa a casa y en compa\u00f1\u00eda de dirigentes del sector, dimos a conocer nuestras propuestas para crear una ciudad pr\u00f3spera, con mayor inversi\u00f3n social\u201c.<\/p>\n<p><img loading=\"lazy\" decoding=\"async\" class=\"alignright size-medium wp-image-25852\" src=\"https:\/\/www.revistazetta.com\/wp-content\/uploads\/2018\/04\/canapote-300x200.jpg\" alt=\"\" width=\"300\" height=\"200\" srcset=\"https:\/\/revistazetta.com\/wp-content\/uploads\/2018\/04\/canapote-300x200.jpg 300w, https:\/\/revistazetta.com\/wp-content\/uploads\/2018\/04\/canapote-1024x682.jpg 1024w, https:\/\/revistazetta.com\/wp-content\/uploads\/2018\/04\/canapote-219x146.jpg 219w, https:\/\/revistazetta.com\/wp-content\/uploads\/2018\/04\/canapote-50x33.jpg 50w, https:\/\/revistazetta.com\/wp-content\/uploads\/2018\/04\/canapote-113x75.jpg 113w, https:\/\/revistazetta.com\/wp-content\/uploads\/2018\/04\/canapote.jpg 1280w\" sizes=\"auto, (max-width: 300px) 100vw, 300px\" \/>\u201cMe emociona sentir el cari\u00f1o y aprecio de nuestra gente. Hoy los j\u00f3venes de Nelson Mandela nos dieron la bienvenida con una muestra del folclor y del talento que corre por sus venas. En nuestro gobierno trabajaremos por impulsar sus habilidades art\u00edsticas y culturales\u201d, indic\u00f3.<\/p>\n<p>\u201cUna vez me elijan Alcalde, los problemas de Nelson Mandela en materia de agua y alcantarillado ser\u00e1n solucionados. Intervendremos los canales de aguas residuales que vienen afectando la salud de sus habitantes y generando un impacto ambiental negativo\u201d, precis\u00f3. De igual forma, se refiri\u00f3 al centro de salud de Nelson Mandela, que se ha convertido en otro elefante blanco m\u00e1s en la ciudad. En mi gobierno realizaremos la inversi\u00f3n correspondiente para reabrir sus puertas. \u00a1Con la salud no se juega!\u201d, agreg\u00f3-<\/p>\n<p><b>Exitosa Carrera Quinto K<\/b><\/p>\n<p>El s\u00e1bado anterior por la tarde, el aspirante a la Alcald\u00eda visit\u00f3 el barrio El Campestre donde un grupo de j\u00f3venes organiz\u00f3 la carrera \u201cQuinto K\u201d.<\/p>\n<p>\u00abEstoy agradecido con los organizadores de la Carrera Quinto K, una bonita iniciativa en la que participaron unas 300 personas entre j\u00f3venes, adultos mayores y atletas profesionales. Gracias por ratificarnos su apoyo a trav\u00e9s del deporte y recorrer cinco kil\u00f3metros en los barrios El Campestre, Almirante Col\u00f3n, El Golf y Los Caracoles. Pueden tener plena certeza que ser\u00e9 el alcalde del deporte\u201d, enfatiz\u00f3.<\/p>\n<p><b>\u201cCanapote recuperar\u00e1 la seguridad\u201d: Quinto<\/b><\/p>\n<p>\u201cIniciamos nuestra jornada &#8216;Camina Conmigo&#8217; desde el barrio Canapote para llevar nuestro programa de gobierno a m\u00e1s hogares cartageneros. Gracias a los dirigentes y a los moradores de esta comunidad que hoy han dejado a un lado sus labores dom\u00e9sticas para acompa\u00f1arnos en este gran recorrido\u201d, dijo al inciar la caminata.<\/p>\n<p>En su recorrido, Quinto asegur\u00f3 que le devolver\u00e1 la navegabilidad al ca\u00f1o Juan Angola. \u00bbSeguimos encontrando cuerpos de agua contaminados como el ca\u00f1o Juan Angola. En nuestro gobierno vamos a hacerlo navegable y ser\u00e1n prioridad nuestros cuerpos de agua. No se justifica el estado de sedimentaci\u00f3n y de contaminaci\u00f3n en que se encuentra y seguir viendo tanta indolencia por parte de las autoridades competentes\u00bb, advirti\u00f3.<\/p>\n<p>\u201cMe emociona encontrar el apoyo espont\u00e1neo de personas como Jes\u00fas Torres Ballesteros, residente de Canapote, quien me ha abordado en el recorrido por su barrio para manifestarme: &#8216;\u2019Digan lo que digan estamos contigo Quinto, eres el alcalde que necesitamos todos los cartageneros&#8217;. \u00a1Gracias mi hermano!\u201d.<\/p>\n<p>\u201cEs indignante ver como la inseguridad galopante en Cartagena se vive hasta en los puentes peatonales. Iv\u00e1n Duarte Chamorro, es el encargado de la seguridad del puente Santa Mar\u00eda y me ha expresado su preocupaci\u00f3n por la constante ola de atracos y de delincuencia. No vamos a permitir que estos casos sigan ocurriendo, vamos a fortalecer los frentes de seguridad con tecnolog\u00eda para prevenir el delito y judicializar al delincuente\u201d, indic\u00f3.<\/p>\n","protected":false},"excerpt":{"rendered":"<p>Con un fin\u00a0 de semana lleno de actividades, que inici\u00f3 con una caminata en La Boquilla, otra en Nelson Mandela y una \u00faltima en Canapote, adem\u00e1s de la carrera Quinto K que se realiz\u00f3 en El Campestre, y m\u00faltiples manifestaciones, el candidato a la Alcald\u00eda, Antonio Quinto Guerra, ratific\u00f3\u00a0 su inter\u00e9s por dar a conocer sus propuestas en todos los sectores de la ciudad. El viernes anterior Quinto camin\u00f3 por las calles de La Boquilla donde recibi\u00f3 el respaldo de la comunidad y de l\u00edderes como William Herrera, entre otros.\u00a0&#8230; <\/p>\n","protected":false},"author":3,"featured_media":25853,"comment_status":"open","ping_status":"closed","sticky":false,"template":"","format":"standard","meta":{"footnotes":"","_links_to":"","_links_to_target":""},"categories":[75,4],"tags":[],"class_list":["post-25848","post","type-post","status-publish","format-standard","has-post-thumbnail","hentry","category-destacada","category-politica"],"_links":{"self":[{"href":"https:\/\/revistazetta.com\/index.php?rest_route=\/wp\/v2\/posts\/25848","targetHints":{"allow":["GET"]}}],"collection":[{"href":"https:\/\/revistazetta.com\/index.php?rest_route=\/wp\/v2\/posts"}],"about":[{"href":"https:\/\/revistazetta.com\/index.php?rest_route=\/wp\/v2\/types\/post"}],"author":[{"embeddable":true,"href":"https:\/\/revistazetta.com\/index.php?rest_route=\/wp\/v2\/users\/3"}],"replies":[{"embeddable":true,"href":"https:\/\/revistazetta.com\/index.php?rest_route=%2Fwp%2Fv2%2Fcomments&post=25848"}],"version-history":[{"count":0,"href":"https:\/\/revistazetta.com\/index.php?rest_route=\/wp\/v2\/posts\/25848\/revisions"}],"wp:featuredmedia":[{"embeddable":true,"href":"https:\/\/revistazetta.com\/index.php?rest_route=\/wp\/v2\/media\/25853"}],"wp:attachment":[{"href":"https:\/\/revistazetta.com\/index.php?rest_route=%2Fwp%2Fv2%2Fmedia&parent=25848"}],"wp:term":[{"taxonomy":"category","embeddable":true,"href":"https:\/\/revistazetta.com\/index.php?rest_route=%2Fwp%2Fv2%2Fcategories&post=25848"},{"taxonomy":"post_tag","embeddable":true,"href":"https:\/\/revistazetta.com\/index.php?rest_route=%2Fwp%2Fv2%2Ftags&post=25848"}],"curies":[{"name":"wp","href":"https:\/\/api.w.org\/{rel}","templated":true}]}}