{"id":25857,"date":"2018-04-23T10:52:49","date_gmt":"2018-04-23T15:52:49","guid":{"rendered":"http:\/\/www.revistazetta.com\/?p=25857"},"modified":"2018-04-23T15:02:38","modified_gmt":"2018-04-23T20:02:38","slug":"yamilito-encuentro-partidos-latinoamericanos-brasilia","status":"publish","type":"post","link":"https:\/\/revistazetta.com\/?p=25857","title":{"rendered":"Yamilito en Encuentro de Partidos Latinoamericanos en Brasilia"},"content":{"rendered":"<p>A Brasilia (Brasil) viaj\u00f3 el electo Representante a la C\u00e1mara por Bol\u00edvar, Yamilito Arana Padau\u00ed, como delegado<span class=\"Apple-converted-space\">\u00a0 <\/span>del partido Conservador Colombiano en el Encuentro de Parlamentarios de la Uni\u00f3n de Partidos Latinoamericanos (UPLA) que agrupa a colectividades de derecha.<\/p>\n<p>Durante hoy y ma\u00f1ana, Yamilito participar\u00e1 en un ciclo de foros donde se debatir\u00e1n y analizar\u00e1n los procesos de reforma electoral en Latinoam\u00e9rica.<span class=\"Apple-converted-space\">\u00a0<\/span><\/p>\n<p>\u00abGracias a @soyconservador<span class=\"Apple-converted-space\">\u00a0 <\/span>por elegirme para representarlo en este espacio para debatir sobre los sistemas electorales de la regi\u00f3n\u00bb, expres\u00f3 el congresista.<\/p>\n","protected":false},"excerpt":{"rendered":"<p>A Brasilia (Brasil) viaj\u00f3 el electo Representante a la C\u00e1mara por Bol\u00edvar, Yamilito Arana Padau\u00ed, como delegado\u00a0 del partido Conservador Colombiano en el Encuentro de Parlamentarios de la Uni\u00f3n de Partidos Latinoamericanos (UPLA) que agrupa a colectividades de derecha. Durante hoy y ma\u00f1ana, Yamilito participar\u00e1 en un ciclo de foros donde se debatir\u00e1n y analizar\u00e1n los procesos de reforma electoral en Latinoam\u00e9rica.\u00a0 \u00abGracias a @soyconservador\u00a0 por elegirme para representarlo en este espacio para debatir sobre los sistemas electorales de la regi\u00f3n\u00bb, expres\u00f3 el congresista.<\/p>\n","protected":false},"author":3,"featured_media":25858,"comment_status":"open","ping_status":"closed","sticky":false,"template":"","format":"standard","meta":{"footnotes":"","_links_to":"","_links_to_target":""},"categories":[75,4],"tags":[],"class_list":["post-25857","post","type-post","status-publish","format-standard","has-post-thumbnail","hentry","category-destacada","category-politica"],"_links":{"self":[{"href":"https:\/\/revistazetta.com\/index.php?rest_route=\/wp\/v2\/posts\/25857","targetHints":{"allow":["GET"]}}],"collection":[{"href":"https:\/\/revistazetta.com\/index.php?rest_route=\/wp\/v2\/posts"}],"about":[{"href":"https:\/\/revistazetta.com\/index.php?rest_route=\/wp\/v2\/types\/post"}],"author":[{"embeddable":true,"href":"https:\/\/revistazetta.com\/index.php?rest_route=\/wp\/v2\/users\/3"}],"replies":[{"embeddable":true,"href":"https:\/\/revistazetta.com\/index.php?rest_route=%2Fwp%2Fv2%2Fcomments&post=25857"}],"version-history":[{"count":0,"href":"https:\/\/revistazetta.com\/index.php?rest_route=\/wp\/v2\/posts\/25857\/revisions"}],"wp:featuredmedia":[{"embeddable":true,"href":"https:\/\/revistazetta.com\/index.php?rest_route=\/wp\/v2\/media\/25858"}],"wp:attachment":[{"href":"https:\/\/revistazetta.com\/index.php?rest_route=%2Fwp%2Fv2%2Fmedia&parent=25857"}],"wp:term":[{"taxonomy":"category","embeddable":true,"href":"https:\/\/revistazetta.com\/index.php?rest_route=%2Fwp%2Fv2%2Fcategories&post=25857"},{"taxonomy":"post_tag","embeddable":true,"href":"https:\/\/revistazetta.com\/index.php?rest_route=%2Fwp%2Fv2%2Ftags&post=25857"}],"curies":[{"name":"wp","href":"https:\/\/api.w.org\/{rel}","templated":true}]}}