{"id":25860,"date":"2018-04-23T17:32:19","date_gmt":"2018-04-23T22:32:19","guid":{"rendered":"http:\/\/www.revistazetta.com\/?p=25860"},"modified":"2018-04-23T17:32:19","modified_gmt":"2018-04-23T22:32:19","slug":"conservatorio-adolfo-mejia-unibac-ofrece-serie-conciertos-esta-semana","status":"publish","type":"post","link":"https:\/\/revistazetta.com\/?p=25860","title":{"rendered":"Conservatorio Adolfo Mej\u00eda de Unibac ofrece serie de conciertos\u00a0esta semana"},"content":{"rendered":"<p>Esta semana, el Conservatorio de M\u00fasica Adolfo Mej\u00eda de la\u00a0Instituci\u00f3n Universitaria Bellas Artes y Ciencias de Bol\u00edvar (Unibac) ofrecer\u00e1 una agenda de conciertos, abierta al p\u00fablico.<\/p>\n<p>El objetivo de esta programaci\u00f3n es promover el talento de los j\u00f3venes m\u00fasicos que se forman en las aulas de Unibac y as\u00ed mismo, brindar a los cartageneros una oferta cultural de libre acceso.<\/p>\n<p>Los conciertos que se realizar\u00e1n en el\u00a0sal\u00f3n Pierre Daguet de Unibac son:<\/p>\n<p><strong>Martes 24 de abril<\/strong><\/p>\n<p>Orquesta de Guitarras Adolfo Mej\u00eda dirigida por el maestro Mauricio Villar, a las 6 de la tarde.<\/p>\n<p><img loading=\"lazy\" decoding=\"async\" class=\"size-medium wp-image-25861 aligncenter\" src=\"https:\/\/www.revistazetta.com\/wp-content\/uploads\/2018\/04\/ORQUESTA-DE-GUITARRAS-DE-UNIBAC-300x187.jpg\" alt=\"\" width=\"300\" height=\"187\" srcset=\"https:\/\/revistazetta.com\/wp-content\/uploads\/2018\/04\/ORQUESTA-DE-GUITARRAS-DE-UNIBAC-300x187.jpg 300w, https:\/\/revistazetta.com\/wp-content\/uploads\/2018\/04\/ORQUESTA-DE-GUITARRAS-DE-UNIBAC-1024x640.jpg 1024w, https:\/\/revistazetta.com\/wp-content\/uploads\/2018\/04\/ORQUESTA-DE-GUITARRAS-DE-UNIBAC-234x146.jpg 234w, https:\/\/revistazetta.com\/wp-content\/uploads\/2018\/04\/ORQUESTA-DE-GUITARRAS-DE-UNIBAC-50x31.jpg 50w, https:\/\/revistazetta.com\/wp-content\/uploads\/2018\/04\/ORQUESTA-DE-GUITARRAS-DE-UNIBAC-120x75.jpg 120w, https:\/\/revistazetta.com\/wp-content\/uploads\/2018\/04\/ORQUESTA-DE-GUITARRAS-DE-UNIBAC.jpg 1738w\" sizes=\"auto, (max-width: 300px) 100vw, 300px\" \/><\/p>\n<p><strong>Jueves 26 de abril<\/strong><\/p>\n<p>Orquesta Sinf\u00f3nica de Bol\u00edvar bajo la batuta del maestro Germ\u00e1n C\u00e9spedes, a las 6 de la tarde<\/p>\n<p><img loading=\"lazy\" decoding=\"async\" class=\"size-medium wp-image-25863 aligncenter\" src=\"https:\/\/www.revistazetta.com\/wp-content\/uploads\/2018\/04\/ORQUESTA-SINFONICA-DE-BOL\u00cdVAR-HACE-PARTE-DE-LA-AGENDA-DE-CONCIERTO-DEL-CONSERVATORIO-300x188.jpg\" alt=\"\" width=\"300\" height=\"188\" srcset=\"https:\/\/revistazetta.com\/wp-content\/uploads\/2018\/04\/ORQUESTA-SINFONICA-DE-BOL\u00cdVAR-HACE-PARTE-DE-LA-AGENDA-DE-CONCIERTO-DEL-CONSERVATORIO-300x188.jpg 300w, https:\/\/revistazetta.com\/wp-content\/uploads\/2018\/04\/ORQUESTA-SINFONICA-DE-BOL\u00cdVAR-HACE-PARTE-DE-LA-AGENDA-DE-CONCIERTO-DEL-CONSERVATORIO-1024x640.jpg 1024w, https:\/\/revistazetta.com\/wp-content\/uploads\/2018\/04\/ORQUESTA-SINFONICA-DE-BOL\u00cdVAR-HACE-PARTE-DE-LA-AGENDA-DE-CONCIERTO-DEL-CONSERVATORIO-234x146.jpg 234w, https:\/\/revistazetta.com\/wp-content\/uploads\/2018\/04\/ORQUESTA-SINFONICA-DE-BOL\u00cdVAR-HACE-PARTE-DE-LA-AGENDA-DE-CONCIERTO-DEL-CONSERVATORIO-50x31.jpg 50w, https:\/\/revistazetta.com\/wp-content\/uploads\/2018\/04\/ORQUESTA-SINFONICA-DE-BOL\u00cdVAR-HACE-PARTE-DE-LA-AGENDA-DE-CONCIERTO-DEL-CONSERVATORIO-120x75.jpg 120w, https:\/\/revistazetta.com\/wp-content\/uploads\/2018\/04\/ORQUESTA-SINFONICA-DE-BOL\u00cdVAR-HACE-PARTE-DE-LA-AGENDA-DE-CONCIERTO-DEL-CONSERVATORIO.jpg 2000w\" sizes=\"auto, (max-width: 300px) 100vw, 300px\" \/><\/p>\n<p><strong>Viernes 27 de abril<\/strong><\/p>\n<p>Ensamble Jazz and Jam dirigido por la maestra Liliana Atencia, a las 3:30 de la tarde<\/p>\n<p><img loading=\"lazy\" decoding=\"async\" class=\"size-medium wp-image-25862 aligncenter\" src=\"https:\/\/www.revistazetta.com\/wp-content\/uploads\/2018\/04\/ORQUESTA-JAZZ-AND-JAM-EN-MELOMANIA-300x188.jpg\" alt=\"\" width=\"300\" height=\"188\" srcset=\"https:\/\/revistazetta.com\/wp-content\/uploads\/2018\/04\/ORQUESTA-JAZZ-AND-JAM-EN-MELOMANIA-300x188.jpg 300w, https:\/\/revistazetta.com\/wp-content\/uploads\/2018\/04\/ORQUESTA-JAZZ-AND-JAM-EN-MELOMANIA-234x146.jpg 234w, https:\/\/revistazetta.com\/wp-content\/uploads\/2018\/04\/ORQUESTA-JAZZ-AND-JAM-EN-MELOMANIA-50x31.jpg 50w, https:\/\/revistazetta.com\/wp-content\/uploads\/2018\/04\/ORQUESTA-JAZZ-AND-JAM-EN-MELOMANIA-120x75.jpg 120w, https:\/\/revistazetta.com\/wp-content\/uploads\/2018\/04\/ORQUESTA-JAZZ-AND-JAM-EN-MELOMANIA.jpg 960w\" sizes=\"auto, (max-width: 300px) 100vw, 300px\" \/><\/p>\n<p><strong>Viernes 27 de abril<\/strong><\/p>\n<p>Recital con el violinista Paul Monroy, a las 6 de la tarde.<\/p>\n<p>&nbsp;<\/p>\n<p><strong>Mi\u00e9rcoles 25 de abril<\/strong><\/p>\n<p>Orquesta Sinf\u00f3nica de Bol\u00edvar ofrecer\u00e1 un concierto en la Capilla Stella Maris de la Escuela Naval Almirante Padilla, a las 6 de la tarde.<\/p>\n<p>Estos conciertos hacen parte de las actividades culturales que realiza Unibac y especialmente del programa de M\u00fasica, como parte de su proyecci\u00f3n social.<\/p>\n","protected":false},"excerpt":{"rendered":"<p>Esta semana, el Conservatorio de M\u00fasica Adolfo Mej\u00eda de la\u00a0Instituci\u00f3n Universitaria Bellas Artes y Ciencias de Bol\u00edvar (Unibac) ofrecer\u00e1 una agenda de conciertos, abierta al p\u00fablico. El objetivo de esta programaci\u00f3n es promover el talento de los j\u00f3venes m\u00fasicos que se forman en las aulas de Unibac y as\u00ed mismo, brindar a los cartageneros una oferta cultural de libre acceso. Los conciertos que se realizar\u00e1n en el\u00a0sal\u00f3n Pierre Daguet de Unibac son: Martes 24 de abril Orquesta de Guitarras Adolfo Mej\u00eda dirigida por el maestro Mauricio Villar, a las 6&#8230; <\/p>\n","protected":false},"author":3,"featured_media":25864,"comment_status":"open","ping_status":"closed","sticky":false,"template":"","format":"standard","meta":{"footnotes":"","_links_to":"","_links_to_target":""},"categories":[41,43],"tags":[],"class_list":["post-25860","post","type-post","status-publish","format-standard","has-post-thumbnail","hentry","category-cultura","category-cultura-musica"],"_links":{"self":[{"href":"https:\/\/revistazetta.com\/index.php?rest_route=\/wp\/v2\/posts\/25860","targetHints":{"allow":["GET"]}}],"collection":[{"href":"https:\/\/revistazetta.com\/index.php?rest_route=\/wp\/v2\/posts"}],"about":[{"href":"https:\/\/revistazetta.com\/index.php?rest_route=\/wp\/v2\/types\/post"}],"author":[{"embeddable":true,"href":"https:\/\/revistazetta.com\/index.php?rest_route=\/wp\/v2\/users\/3"}],"replies":[{"embeddable":true,"href":"https:\/\/revistazetta.com\/index.php?rest_route=%2Fwp%2Fv2%2Fcomments&post=25860"}],"version-history":[{"count":0,"href":"https:\/\/revistazetta.com\/index.php?rest_route=\/wp\/v2\/posts\/25860\/revisions"}],"wp:featuredmedia":[{"embeddable":true,"href":"https:\/\/revistazetta.com\/index.php?rest_route=\/wp\/v2\/media\/25864"}],"wp:attachment":[{"href":"https:\/\/revistazetta.com\/index.php?rest_route=%2Fwp%2Fv2%2Fmedia&parent=25860"}],"wp:term":[{"taxonomy":"category","embeddable":true,"href":"https:\/\/revistazetta.com\/index.php?rest_route=%2Fwp%2Fv2%2Fcategories&post=25860"},{"taxonomy":"post_tag","embeddable":true,"href":"https:\/\/revistazetta.com\/index.php?rest_route=%2Fwp%2Fv2%2Ftags&post=25860"}],"curies":[{"name":"wp","href":"https:\/\/api.w.org\/{rel}","templated":true}]}}