{"id":25865,"date":"2018-04-23T21:28:29","date_gmt":"2018-04-24T02:28:29","guid":{"rendered":"http:\/\/www.revistazetta.com\/?p=25865"},"modified":"2018-04-23T21:50:16","modified_gmt":"2018-04-24T02:50:16","slug":"ponencia-del-cne-favorecia-quinto","status":"publish","type":"post","link":"https:\/\/revistazetta.com\/?p=25865","title":{"rendered":"Ponencia del CNE favorecer\u00eda a Quinto"},"content":{"rendered":"<p>La candidatura de Antonio Quinto Guerra a la Alcald\u00eda de Cartagena no ser\u00eda anulada por el Consejo Nacional Electoral, inform\u00f3 el noticiero City TV de Bogot\u00e1.<\/p>\n<p>El teleinformativo divulg\u00f3 una primicia seg\u00fan la cual en la ponencia del magistrado Alex Vega, se le dar\u00eda la raz\u00f3n a los argumentos de Quinto Guerra, en contra del parecer del procurador Fernando Carrillo Fl\u00f3rez, quien a trav\u00e9s de un agente especial solicit\u00f3 la cancelaci\u00f3n de su inscripci\u00f3n.<\/p>\n<p>Este martes se reunir\u00e1n los nueve magistrados para aprobar o rechazar esta ponencia y definir si Guerra Varela est\u00e1 o no inhabilitado para aspirar a la Alcald\u00eda de Cartagena.<\/p>\n<p><b><\/b>La periodista Ana Patricia Torres public\u00f3 un trino, que el canal City TV, retuite\u00f3, as\u00ed:<\/p>\n<div class=\"js-tweet-text-container\">\n<p class=\"TweetTextSize TweetTextSize--normal js-tweet-text tweet-text\" lang=\"es\" data-aria-label-part=\"0\"><a class=\"twitter-hashtag pretty-link js-nav\" dir=\"ltr\" href=\"https:\/\/twitter.com\/hashtag\/Primicia?src=hash\" data-query-source=\"hashtag_click\" target=\"_blank\" rel=\"noopener\"><s>#<\/s><b>Primicia<\/b><\/a>. Ponencia del magistrado Alex Vega del <a class=\"twitter-atreply pretty-link js-nav\" dir=\"ltr\" href=\"https:\/\/twitter.com\/CNE_COLOMBIA\" data-mentioned-user-id=\"264401370\" target=\"_blank\" rel=\"noopener\"><s>@<\/s><b>CNE_COLOMBIA<\/b><\/a> le da la raz\u00f3n al candidato <a class=\"twitter-atreply pretty-link js-nav\" dir=\"ltr\" href=\"https:\/\/twitter.com\/quintoguerra\" data-mentioned-user-id=\"251102269\" target=\"_blank\" rel=\"noopener\"><s>@<\/s><b>quintoguerra<\/b><\/a>. Ma\u00f1ana los 9 magistrados definir\u00e1n si est\u00e1 inhabilitado o no. <a class=\"twitter-atreply pretty-link js-nav\" dir=\"ltr\" href=\"https:\/\/twitter.com\/Citytv\" data-mentioned-user-id=\"41139989\" target=\"_blank\" rel=\"noopener\"><s>@<\/s><b>Citytv<\/b><\/a> <a class=\"twitter-hashtag pretty-link js-nav\" dir=\"ltr\" href=\"https:\/\/twitter.com\/hashtag\/TuMundoHoy?src=hash\" data-query-source=\"hashtag_click\" target=\"_blank\" rel=\"noopener\"><s>#<\/s><b>TuMundoHoy<\/b><\/a><\/p>\n<\/div>\n","protected":false},"excerpt":{"rendered":"<p>La candidatura de Antonio Quinto Guerra a la Alcald\u00eda de Cartagena no ser\u00eda anulada por el Consejo Nacional Electoral, inform\u00f3 el noticiero City TV de Bogot\u00e1. El teleinformativo divulg\u00f3 una primicia seg\u00fan la cual en la ponencia del magistrado Alex Vega, se le dar\u00eda la raz\u00f3n a los argumentos de Quinto Guerra, en contra del parecer del procurador Fernando Carrillo Fl\u00f3rez, quien a trav\u00e9s de un agente especial solicit\u00f3 la cancelaci\u00f3n de su inscripci\u00f3n. Este martes se reunir\u00e1n los nueve magistrados para aprobar o rechazar esta ponencia y definir si&#8230; <\/p>\n","protected":false},"author":3,"featured_media":25866,"comment_status":"open","ping_status":"closed","sticky":false,"template":"","format":"standard","meta":{"footnotes":"","_links_to":"","_links_to_target":""},"categories":[75,4],"tags":[],"class_list":["post-25865","post","type-post","status-publish","format-standard","has-post-thumbnail","hentry","category-destacada","category-politica"],"_links":{"self":[{"href":"https:\/\/revistazetta.com\/index.php?rest_route=\/wp\/v2\/posts\/25865","targetHints":{"allow":["GET"]}}],"collection":[{"href":"https:\/\/revistazetta.com\/index.php?rest_route=\/wp\/v2\/posts"}],"about":[{"href":"https:\/\/revistazetta.com\/index.php?rest_route=\/wp\/v2\/types\/post"}],"author":[{"embeddable":true,"href":"https:\/\/revistazetta.com\/index.php?rest_route=\/wp\/v2\/users\/3"}],"replies":[{"embeddable":true,"href":"https:\/\/revistazetta.com\/index.php?rest_route=%2Fwp%2Fv2%2Fcomments&post=25865"}],"version-history":[{"count":0,"href":"https:\/\/revistazetta.com\/index.php?rest_route=\/wp\/v2\/posts\/25865\/revisions"}],"wp:featuredmedia":[{"embeddable":true,"href":"https:\/\/revistazetta.com\/index.php?rest_route=\/wp\/v2\/media\/25866"}],"wp:attachment":[{"href":"https:\/\/revistazetta.com\/index.php?rest_route=%2Fwp%2Fv2%2Fmedia&parent=25865"}],"wp:term":[{"taxonomy":"category","embeddable":true,"href":"https:\/\/revistazetta.com\/index.php?rest_route=%2Fwp%2Fv2%2Fcategories&post=25865"},{"taxonomy":"post_tag","embeddable":true,"href":"https:\/\/revistazetta.com\/index.php?rest_route=%2Fwp%2Fv2%2Ftags&post=25865"}],"curies":[{"name":"wp","href":"https:\/\/api.w.org\/{rel}","templated":true}]}}