{"id":25868,"date":"2018-04-23T22:01:08","date_gmt":"2018-04-24T03:01:08","guid":{"rendered":"http:\/\/www.revistazetta.com\/?p=25868"},"modified":"2018-04-23T22:01:08","modified_gmt":"2018-04-24T03:01:08","slug":"visita-tecnica-ie-fernandez-baena-corroboro-fallas-recomendo-traslado","status":"publish","type":"post","link":"https:\/\/revistazetta.com\/?p=25868","title":{"rendered":"Visita t\u00e9cnica a IE Fern\u00e1ndez Baena corrobor\u00f3 fallas y recomend\u00f3 traslado"},"content":{"rendered":"<p>Un informe t\u00e9cnico de la Direcci\u00f3n de Infraestructura de la Secretar\u00eda de Educaci\u00f3n Distrital recomend\u00f3 el \u201ctraslado inmediato de estudiantes y personal de administraci\u00f3n y apoyo de la I.E.\u201d Fern\u00e1ndez Baena, en el barrio El Bosque.<br \/>\nUna visita t\u00e9cnica al plantel encontr\u00f3 \u201cfallas estructurales graves en todos los bloques de la instituci\u00f3n, cubiertas en mal estado debido al peso de hojas y ramas acumuladas, columnas y vigas con acero expuesto. Se evidencia asentamiento diferencial en la estructura lo que ocasiona grietas en muros y pisos\u201d.<br \/>\nLa visita fue ordenada por el Secretario de Educaci\u00f3n Distrital, Jaime Hern\u00e1ndez Am\u00edn, al atender el llamado de varios padres de familia que alertaron sobre el deterioro de la edificaci\u00f3n, y se abstuvieron de enviar a sus hijos por prevenci\u00f3n.<br \/>\n\u201cEncontramos que son muchas las edificaciones del Distrito que acusan el paso de los a\u00f1os, y en particular la del Fern\u00e1ndez Baena evidencia notorias limitaciones, y estamos identificando l\u00edneas de inversi\u00f3n financiera para hacer una intervenci\u00f3n estructural que permita recuperarla para el servicio educativo\u201d, indic\u00f3 el funcionario.<br \/>\nSe orden\u00f3 la elaboraci\u00f3n de un plan de emergencia que identifique otras \u00e1reas seguras para continuar las clases, as\u00ed como inmuebles cercanos en arriendo para continuar con el calendario escolar.<br \/>\nLa IE Fern\u00e1ndez Baena alberga 748 estudiantes, en una edificaci\u00f3n construida hace m\u00e1s de 40 a\u00f1os, y que hoy refleja la falta de mantenimiento de varios a\u00f1os.<br \/>\nLa SED activ\u00f3 todo el personal de las direcciones de Infraestructura y Cobertura para coordinar con la Secretar\u00eda de Hacienda Distrital la soluci\u00f3n que sustente el plan de emergencia, y garantice la continuidad del servicio educativo.<\/p>\n","protected":false},"excerpt":{"rendered":"<p>Un informe t\u00e9cnico de la Direcci\u00f3n de Infraestructura de la Secretar\u00eda de Educaci\u00f3n Distrital recomend\u00f3 el \u201ctraslado inmediato de estudiantes y personal de administraci\u00f3n y apoyo de la I.E.\u201d Fern\u00e1ndez Baena, en el barrio El Bosque. Una visita t\u00e9cnica al plantel encontr\u00f3 \u201cfallas estructurales graves en todos los bloques de la instituci\u00f3n, cubiertas en mal estado debido al peso de hojas y ramas acumuladas, columnas y vigas con acero expuesto. Se evidencia asentamiento diferencial en la estructura lo que ocasiona grietas en muros y pisos\u201d. La visita fue ordenada por&#8230; <\/p>\n","protected":false},"author":3,"featured_media":25869,"comment_status":"open","ping_status":"closed","sticky":false,"template":"","format":"standard","meta":{"footnotes":"","_links_to":"","_links_to_target":""},"categories":[75,32],"tags":[],"class_list":["post-25868","post","type-post","status-publish","format-standard","has-post-thumbnail","hentry","category-destacada","category-actualidad-distrito"],"_links":{"self":[{"href":"https:\/\/revistazetta.com\/index.php?rest_route=\/wp\/v2\/posts\/25868","targetHints":{"allow":["GET"]}}],"collection":[{"href":"https:\/\/revistazetta.com\/index.php?rest_route=\/wp\/v2\/posts"}],"about":[{"href":"https:\/\/revistazetta.com\/index.php?rest_route=\/wp\/v2\/types\/post"}],"author":[{"embeddable":true,"href":"https:\/\/revistazetta.com\/index.php?rest_route=\/wp\/v2\/users\/3"}],"replies":[{"embeddable":true,"href":"https:\/\/revistazetta.com\/index.php?rest_route=%2Fwp%2Fv2%2Fcomments&post=25868"}],"version-history":[{"count":0,"href":"https:\/\/revistazetta.com\/index.php?rest_route=\/wp\/v2\/posts\/25868\/revisions"}],"wp:featuredmedia":[{"embeddable":true,"href":"https:\/\/revistazetta.com\/index.php?rest_route=\/wp\/v2\/media\/25869"}],"wp:attachment":[{"href":"https:\/\/revistazetta.com\/index.php?rest_route=%2Fwp%2Fv2%2Fmedia&parent=25868"}],"wp:term":[{"taxonomy":"category","embeddable":true,"href":"https:\/\/revistazetta.com\/index.php?rest_route=%2Fwp%2Fv2%2Fcategories&post=25868"},{"taxonomy":"post_tag","embeddable":true,"href":"https:\/\/revistazetta.com\/index.php?rest_route=%2Fwp%2Fv2%2Ftags&post=25868"}],"curies":[{"name":"wp","href":"https:\/\/api.w.org\/{rel}","templated":true}]}}