{"id":25870,"date":"2018-04-23T22:21:29","date_gmt":"2018-04-24T03:21:29","guid":{"rendered":"http:\/\/www.revistazetta.com\/?p=25870"},"modified":"2018-04-23T22:21:29","modified_gmt":"2018-04-24T03:21:29","slug":"autoridades-arjona-coordinan-tareas-devolver-tranquilidad","status":"publish","type":"post","link":"https:\/\/revistazetta.com\/?p=25870","title":{"rendered":"Autoridades en Arjona coordinan tareas para devolver tranquilidad"},"content":{"rendered":"<p><img loading=\"lazy\" decoding=\"async\" class=\"alignright size-medium wp-image-25872\" src=\"https:\/\/www.revistazetta.com\/wp-content\/uploads\/2018\/04\/IMG-20180420-WA0017-300x169.jpg\" alt=\"\" width=\"300\" height=\"169\" srcset=\"https:\/\/revistazetta.com\/wp-content\/uploads\/2018\/04\/IMG-20180420-WA0017-300x169.jpg 300w, https:\/\/revistazetta.com\/wp-content\/uploads\/2018\/04\/IMG-20180420-WA0017-1024x576.jpg 1024w, https:\/\/revistazetta.com\/wp-content\/uploads\/2018\/04\/IMG-20180420-WA0017-260x146.jpg 260w, https:\/\/revistazetta.com\/wp-content\/uploads\/2018\/04\/IMG-20180420-WA0017-50x28.jpg 50w, https:\/\/revistazetta.com\/wp-content\/uploads\/2018\/04\/IMG-20180420-WA0017-133x75.jpg 133w, https:\/\/revistazetta.com\/wp-content\/uploads\/2018\/04\/IMG-20180420-WA0017.jpg 1280w\" sizes=\"auto, (max-width: 300px) 100vw, 300px\" \/>Ante los hechos presentados el fin de semana en el municipio de Arjona, la Alcald\u00eda convoc\u00f3 este lunes un Consejo de Seguridad, donde participaron funcionarios de la Administraci\u00f3n municipal, autoridades locales, miembros de la Polic\u00eda Departamental, Ejercito Nacional, representantes de la Fiscal\u00eda General de la Naci\u00f3n y Gobernaci\u00f3n de Bol\u00edvar, con el fin de establecer nuevas medidas de seguridad que permitan garantizar la tranquilidad y sana convivencia de los arjoneros.<\/p>\n<p>Dentro del desarrollo del consejo se establecieron estrategias y planes de acci\u00f3n que pondr\u00e1n en marcha la Polic\u00eda, Infanter\u00eda de Mariana en conjunto con la Fiscal\u00eda General de la Naci\u00f3n y administraci\u00f3n municipal, para mejorar la seguridad y convivencia ciudadana del municipio.<\/p>\n<p>\u201cLamentamos profundamente los hechos de intolerancia ocurridos este fin de semana en el municipio\u201d, manifest\u00f3 Kety Beltr\u00e1n, Secretaria de Gobierno de Arjona, agregando que las autoridades est\u00e1n en el proceso de investigaci\u00f3n sobre los hechos que se presentaron. \u201cLa Alcald\u00eda est\u00e1 comprometida con la seguridad y convivencia ciudadana y exigi\u00f3 a la Polic\u00eda resultados contundentes sobre estos hechos. De igual forma le hacemos un llamado a toda la comunidad, para que de manera coordinada con las autoridades se haga un trabajo con el que se prevengan actos de violencia \u00a0y de criminalidad\u201d, expres\u00f3 la funcionaria.<\/p>\n<p><strong>En otras acciones <\/strong><\/p>\n<p><img loading=\"lazy\" decoding=\"async\" class=\"alignright size-medium wp-image-25873\" src=\"https:\/\/www.revistazetta.com\/wp-content\/uploads\/2018\/04\/IMG-20180420-WA0044-300x225.jpg\" alt=\"\" width=\"300\" height=\"225\" srcset=\"https:\/\/revistazetta.com\/wp-content\/uploads\/2018\/04\/IMG-20180420-WA0044-300x225.jpg 300w, https:\/\/revistazetta.com\/wp-content\/uploads\/2018\/04\/IMG-20180420-WA0044-1024x768.jpg 1024w, https:\/\/revistazetta.com\/wp-content\/uploads\/2018\/04\/IMG-20180420-WA0044-195x146.jpg 195w, https:\/\/revistazetta.com\/wp-content\/uploads\/2018\/04\/IMG-20180420-WA0044-50x38.jpg 50w, https:\/\/revistazetta.com\/wp-content\/uploads\/2018\/04\/IMG-20180420-WA0044-100x75.jpg 100w, https:\/\/revistazetta.com\/wp-content\/uploads\/2018\/04\/IMG-20180420-WA0044.jpg 1152w\" sizes=\"auto, (max-width: 300px) 100vw, 300px\" \/>En el marco de la campa\u00f1a \u201cArjona Segura\u201d se realizaron operativos por la Polic\u00eda e Infanter\u00eda de Marina en coordinaci\u00f3n con la Administraci\u00f3n Municipal para mejorar la seguridad y convivencia ciudadana del municipio, tanto en el casco urbano como en la zona rural.<\/p>\n<p>31 unidades de la Polic\u00eda Nacional mejoraron la percepci\u00f3n de Seguridad Ciudadana mediante puestos de control, plan intervenci\u00f3n puntos cr\u00edticos, plan parques, registro a personas, solicitud antecedentes, entre otros; en un centro de acopio ubicado en el Polideportivo de Arjona, donde se logr\u00f3 la identificaci\u00f3n de 50 personas, entre las cuales 1 de ellas tenia vigente una Orden de Captura por Ley 30, identificaci\u00f3n de 35 motocicletas, entre las cuales 1 de ellas tenia violentado el n\u00famero de chasis y se logra su incautaci\u00f3n, se realizaron 8 comparendos.<\/p>\n<p>As\u00ed mismo, se realiz\u00f3 una intervenci\u00f3n a la Instituci\u00f3n Educativa Rep\u00fablica de Colombia, donde 22 uniformados realizaron registro a los estudiantes de los grados de 6 al 11 en compa\u00f1\u00eda de delegados de la Personer\u00eda Municipal, Secretar\u00eda de Educaci\u00f3n y Jefe de DDHH, logrando los resultados de 7 elementos cortopunzantes incautados y 1 pipa para consumo de sustancia alucin\u00f3genas.<\/p>\n","protected":false},"excerpt":{"rendered":"<p>Ante los hechos presentados el fin de semana en el municipio de Arjona, la Alcald\u00eda convoc\u00f3 este lunes un Consejo de Seguridad, donde participaron funcionarios de la Administraci\u00f3n municipal, autoridades locales, miembros de la Polic\u00eda Departamental, Ejercito Nacional, representantes de la Fiscal\u00eda General de la Naci\u00f3n y Gobernaci\u00f3n de Bol\u00edvar, con el fin de establecer nuevas medidas de seguridad que permitan garantizar la tranquilidad y sana convivencia de los arjoneros. Dentro del desarrollo del consejo se establecieron estrategias y planes de acci\u00f3n que pondr\u00e1n en marcha la Polic\u00eda, Infanter\u00eda de&#8230; <\/p>\n","protected":false},"author":3,"featured_media":25871,"comment_status":"open","ping_status":"closed","sticky":false,"template":"","format":"standard","meta":{"footnotes":"","_links_to":"","_links_to_target":""},"categories":[75,80],"tags":[],"class_list":["post-25870","post","type-post","status-publish","format-standard","has-post-thumbnail","hentry","category-destacada","category-region"],"_links":{"self":[{"href":"https:\/\/revistazetta.com\/index.php?rest_route=\/wp\/v2\/posts\/25870","targetHints":{"allow":["GET"]}}],"collection":[{"href":"https:\/\/revistazetta.com\/index.php?rest_route=\/wp\/v2\/posts"}],"about":[{"href":"https:\/\/revistazetta.com\/index.php?rest_route=\/wp\/v2\/types\/post"}],"author":[{"embeddable":true,"href":"https:\/\/revistazetta.com\/index.php?rest_route=\/wp\/v2\/users\/3"}],"replies":[{"embeddable":true,"href":"https:\/\/revistazetta.com\/index.php?rest_route=%2Fwp%2Fv2%2Fcomments&post=25870"}],"version-history":[{"count":0,"href":"https:\/\/revistazetta.com\/index.php?rest_route=\/wp\/v2\/posts\/25870\/revisions"}],"wp:featuredmedia":[{"embeddable":true,"href":"https:\/\/revistazetta.com\/index.php?rest_route=\/wp\/v2\/media\/25871"}],"wp:attachment":[{"href":"https:\/\/revistazetta.com\/index.php?rest_route=%2Fwp%2Fv2%2Fmedia&parent=25870"}],"wp:term":[{"taxonomy":"category","embeddable":true,"href":"https:\/\/revistazetta.com\/index.php?rest_route=%2Fwp%2Fv2%2Fcategories&post=25870"},{"taxonomy":"post_tag","embeddable":true,"href":"https:\/\/revistazetta.com\/index.php?rest_route=%2Fwp%2Fv2%2Ftags&post=25870"}],"curies":[{"name":"wp","href":"https:\/\/api.w.org\/{rel}","templated":true}]}}