{"id":25875,"date":"2018-04-23T22:25:16","date_gmt":"2018-04-24T03:25:16","guid":{"rendered":"http:\/\/www.revistazetta.com\/?p=25875"},"modified":"2018-04-23T22:25:16","modified_gmt":"2018-04-24T03:25:16","slug":"camcartagena-presente-consejo-camaras-comercio-iberoamerica","status":"publish","type":"post","link":"https:\/\/revistazetta.com\/?p=25875","title":{"rendered":"CamCartagena presente en Consejo de C\u00e1maras de Comercio de Iberoam\u00e9rica"},"content":{"rendered":"<p>Para definir lineamientos, estrategias de acci\u00f3n y hacer seguimiento a proyectos en ejecuci\u00f3n, los l\u00edderes camerales de Iberoam\u00e9rica se encuentran reunidos desde el pasado domingo 22 de abril en el 47 Consejo Directivo de la Asociaci\u00f3n Iberoamericana de C\u00e1maras de Comercio, Industria y Servicios, AICO, que tiene lugar en Bucaramanga.<\/p>\n<p>En el encuentro participa la Presidenta Ejecutiva de la C\u00e1mara de Comercio de Cartagena, Mar\u00eda Claudia P\u00e1ez Mallarino, quien intercambia experiencias significativas y conocimientos junto a los dem\u00e1s dirigentes de las C\u00e1maras participantes, en las disertaciones y discusiones program\u00e1ticas con decenas de empresarios, directivos y representantes de diferentes gremios y sectores.<\/p>\n<p>La agenda del evento ir\u00e1 hasta el martes 24 de abril, y contar\u00e1 con la presencia de invitados internacionales como Roberto Canessa, quien hizo historia por ser uno de los sobrevivientes de un accidente de aviaci\u00f3n ocurrido en Los Andes chilenos en 1972. Canesso hablar\u00e1 sobre \u2018El triunfo del esp\u00edritu humano sobre la adversidad\u2019. Asimismo, empresarios como Jaime Miller, gerente de ZonAm\u00e9rica, empresa uruguaya especializada en servicios \u2018off shore\u2019; y Rosario Baz\u00e1n, gerente de la empresa peruana DanPer, l\u00edder en agroindustria.<\/p>\n<p>Entre los invitados nacionales est\u00e1n la ministra de Comercio, Industria y Turismo, Mar\u00eda Lorena Guti\u00e9rrez Botero; el ministro de Justicia y del Derecho, Enrique Gil Botero; el superintendente de Industria y Comercio, Pablo Felipe Robledo del Castillo; y el presidente del Grupo Sura, David Bojanini.<\/p>\n<p>\u00abTenemos el compromiso de destacar todo el inmenso trabajo que venimos adelantando desde la C\u00e1mara de Comercio de Cartagena, liderando e incentivando temas coyunturales para el empresariado y la regi\u00f3n, como lo son la innovaci\u00f3n tecnol\u00f3gica, el emprendimiento, la competitividad y por supuesto, el acompa\u00f1amiento para formalizaci\u00f3n permanente del comercio\u00bb, se\u00f1al\u00f3 desde la capital de Norte de Santander, Mar\u00eda Claudia P\u00e1ez.<\/p>\n<p>Esta actividad hace parte del Eje Representaci\u00f3n del Sistema del Plan Estrat\u00e9gico de la Confederaci\u00f3n de C\u00e1maras de Comercio.<\/p>\n","protected":false},"excerpt":{"rendered":"<p>Para definir lineamientos, estrategias de acci\u00f3n y hacer seguimiento a proyectos en ejecuci\u00f3n, los l\u00edderes camerales de Iberoam\u00e9rica se encuentran reunidos desde el pasado domingo 22 de abril en el 47 Consejo Directivo de la Asociaci\u00f3n Iberoamericana de C\u00e1maras de Comercio, Industria y Servicios, AICO, que tiene lugar en Bucaramanga. En el encuentro participa la Presidenta Ejecutiva de la C\u00e1mara de Comercio de Cartagena, Mar\u00eda Claudia P\u00e1ez Mallarino, quien intercambia experiencias significativas y conocimientos junto a los dem\u00e1s dirigentes de las C\u00e1maras participantes, en las disertaciones y discusiones program\u00e1ticas con&#8230; <\/p>\n","protected":false},"author":3,"featured_media":25876,"comment_status":"open","ping_status":"closed","sticky":false,"template":"","format":"standard","meta":{"footnotes":"","_links_to":"","_links_to_target":""},"categories":[3],"tags":[],"class_list":["post-25875","post","type-post","status-publish","format-standard","has-post-thumbnail","hentry","category-ciudad"],"_links":{"self":[{"href":"https:\/\/revistazetta.com\/index.php?rest_route=\/wp\/v2\/posts\/25875","targetHints":{"allow":["GET"]}}],"collection":[{"href":"https:\/\/revistazetta.com\/index.php?rest_route=\/wp\/v2\/posts"}],"about":[{"href":"https:\/\/revistazetta.com\/index.php?rest_route=\/wp\/v2\/types\/post"}],"author":[{"embeddable":true,"href":"https:\/\/revistazetta.com\/index.php?rest_route=\/wp\/v2\/users\/3"}],"replies":[{"embeddable":true,"href":"https:\/\/revistazetta.com\/index.php?rest_route=%2Fwp%2Fv2%2Fcomments&post=25875"}],"version-history":[{"count":0,"href":"https:\/\/revistazetta.com\/index.php?rest_route=\/wp\/v2\/posts\/25875\/revisions"}],"wp:featuredmedia":[{"embeddable":true,"href":"https:\/\/revistazetta.com\/index.php?rest_route=\/wp\/v2\/media\/25876"}],"wp:attachment":[{"href":"https:\/\/revistazetta.com\/index.php?rest_route=%2Fwp%2Fv2%2Fmedia&parent=25875"}],"wp:term":[{"taxonomy":"category","embeddable":true,"href":"https:\/\/revistazetta.com\/index.php?rest_route=%2Fwp%2Fv2%2Fcategories&post=25875"},{"taxonomy":"post_tag","embeddable":true,"href":"https:\/\/revistazetta.com\/index.php?rest_route=%2Fwp%2Fv2%2Ftags&post=25875"}],"curies":[{"name":"wp","href":"https:\/\/api.w.org\/{rel}","templated":true}]}}