{"id":26017,"date":"2018-05-01T20:02:21","date_gmt":"2018-05-02T01:02:21","guid":{"rendered":"http:\/\/www.revistazetta.com\/?p=26017"},"modified":"2018-05-01T20:02:21","modified_gmt":"2018-05-02T01:02:21","slug":"hoy-reafirmamos-compromiso-los-trabajadores-colombia-familias-duque","status":"publish","type":"post","link":"https:\/\/revistazetta.com\/?p=26017","title":{"rendered":"Hoy reafirmamos nuestro compromiso con los trabajadores de Colombia y sus familias: Duque"},"content":{"rendered":"<div>Tras sostener un di\u00e1logo con los representantes de la Asociaci\u00f3n Colombiana de Camioneros (ACC) y la Uni\u00f3n Nacional de Taxistas, el candidato presidencial Iv\u00e1n Duque ratific\u00f3 este martes, D\u00eda Internacional del Trabajo, su compromiso para mejorar las condiciones laborales de los trabajadores colombianos y sus familias.<\/p>\n<p>Inicialmente, Duque se reuni\u00f3 con los integrantes de la ACC, a quienes les expres\u00f3 que es necesario garantizar que el SICE-TAC (Sistema de Informaci\u00f3n de Costos Eficientes para el Transporte Automotor de Carga) se cumpla a cabalidad. Agreg\u00f3 que se necesita actualizar el C\u00f3digo de Transporte y que \u201ces supremamente importante que se puedan cumplir los instrumentos de reposici\u00f3n vehicular que desde hace mucho tiempo est\u00e1n establecidos en Colombia, pero que desafortunadamente no se han cumplido\u201d.<\/p>\n<p>\u201cHoy, el mensaje a todos los transportadores es de compromiso y de trabajo por ellos y por sus familias\u201d, anot\u00f3.<\/p><\/div>\n","protected":false},"excerpt":{"rendered":"<p>Tras sostener un di\u00e1logo con los representantes de la Asociaci\u00f3n Colombiana de Camioneros (ACC) y la Uni\u00f3n Nacional de Taxistas, el candidato presidencial Iv\u00e1n Duque ratific\u00f3 este martes, D\u00eda Internacional del Trabajo, su compromiso para mejorar las condiciones laborales de los trabajadores colombianos y sus familias. Inicialmente, Duque se reuni\u00f3 con los integrantes de la ACC, a quienes les expres\u00f3 que es necesario garantizar que el SICE-TAC (Sistema de Informaci\u00f3n de Costos Eficientes para el Transporte Automotor de Carga) se cumpla a cabalidad. Agreg\u00f3 que se necesita actualizar el C\u00f3digo&#8230; <\/p>\n","protected":false},"author":3,"featured_media":26018,"comment_status":"open","ping_status":"closed","sticky":false,"template":"","format":"standard","meta":{"footnotes":"","_links_to":"","_links_to_target":""},"categories":[2,75,35],"tags":[],"class_list":["post-26017","post","type-post","status-publish","format-standard","has-post-thumbnail","hentry","category-actualidad","category-destacada","category-actualidad-nacion"],"_links":{"self":[{"href":"https:\/\/revistazetta.com\/index.php?rest_route=\/wp\/v2\/posts\/26017","targetHints":{"allow":["GET"]}}],"collection":[{"href":"https:\/\/revistazetta.com\/index.php?rest_route=\/wp\/v2\/posts"}],"about":[{"href":"https:\/\/revistazetta.com\/index.php?rest_route=\/wp\/v2\/types\/post"}],"author":[{"embeddable":true,"href":"https:\/\/revistazetta.com\/index.php?rest_route=\/wp\/v2\/users\/3"}],"replies":[{"embeddable":true,"href":"https:\/\/revistazetta.com\/index.php?rest_route=%2Fwp%2Fv2%2Fcomments&post=26017"}],"version-history":[{"count":0,"href":"https:\/\/revistazetta.com\/index.php?rest_route=\/wp\/v2\/posts\/26017\/revisions"}],"wp:featuredmedia":[{"embeddable":true,"href":"https:\/\/revistazetta.com\/index.php?rest_route=\/wp\/v2\/media\/26018"}],"wp:attachment":[{"href":"https:\/\/revistazetta.com\/index.php?rest_route=%2Fwp%2Fv2%2Fmedia&parent=26017"}],"wp:term":[{"taxonomy":"category","embeddable":true,"href":"https:\/\/revistazetta.com\/index.php?rest_route=%2Fwp%2Fv2%2Fcategories&post=26017"},{"taxonomy":"post_tag","embeddable":true,"href":"https:\/\/revistazetta.com\/index.php?rest_route=%2Fwp%2Fv2%2Ftags&post=26017"}],"curies":[{"name":"wp","href":"https:\/\/api.w.org\/{rel}","templated":true}]}}