{"id":26019,"date":"2018-05-01T20:05:13","date_gmt":"2018-05-02T01:05:13","guid":{"rendered":"http:\/\/www.revistazetta.com\/?p=26019"},"modified":"2018-05-01T20:05:13","modified_gmt":"2018-05-02T01:05:13","slug":"revuelo-uso-voz-del-procurador-audio-proselitista","status":"publish","type":"post","link":"https:\/\/revistazetta.com\/?p=26019","title":{"rendered":"Revuelo por uso de voz del Procurador en audio proselitista"},"content":{"rendered":"<p>Circul\u00f3 en Whatssapp un audio donde se toma la voz del Procurador General de la Naci\u00f3n, Fernando Carrillo, al momento de se\u00f1alar que el candidato Quinto Guerra tiene una inhabilidad para aspirar a la Alcald\u00eda, y al final se invita a votar por \u201cAndr\u00e9s\u201d.<\/p>\n<p>La campa\u00f1a de Andr\u00e9s Betancourt de inmediato neg\u00f3 haber producido esa pieza auditiva.<\/p>\n<p>La Procuradur\u00eda se refiri\u00f3 al caso en su cuenta de Twitter:<\/p>\n<p>\u201cIntervenciones de la <a href=\"https:\/\/twitter.com\/PGN_COL\" target=\"_blank\" rel=\"noopener\">@PGN_COL<\/a>y del Procurador General de la Naci\u00f3n no pueden ser utilizadas con fines pol\u00edticos en favor de candidatos a cargos de elecci\u00f3n popular, ni mal interpretadas para incidir en procesos que se deben regir por la transparencia e igualdad de condiciones\u201d.<\/p>\n<p>El audio termina con el siguiente mensaje: \u201cPor eso este 6 de mayo voto seguro, voto responsable, voto por Andr\u00e9s\u201d.<\/p>\n<p>No obstante, no tiene el sonido que identifica a los mensajes publicitarios de la campa\u00f1a de Andr\u00e9s Betancourt.<\/p>\n<p>Betancourt trin\u00f3: \u201cComprendo y comparto trino de la <a href=\"https:\/\/twitter.com\/pgn\" target=\"_blank\" rel=\"noopener\">@PGN<\/a>-col sobre uso de audios y v\u00eddeos del Dr. <a href=\"https:\/\/twitter.com\/fcarrilloflorez\" target=\"_blank\" rel=\"noopener\">@fcarrilloflorez<\/a>Pido a amigos y seguidores tenerlas en cuenta\u201d.<\/p>\n","protected":false},"excerpt":{"rendered":"<p>Circul\u00f3 en Whatssapp un audio donde se toma la voz del Procurador General de la Naci\u00f3n, Fernando Carrillo, al momento de se\u00f1alar que el candidato Quinto Guerra tiene una inhabilidad para aspirar a la Alcald\u00eda, y al final se invita a votar por \u201cAndr\u00e9s\u201d. La campa\u00f1a de Andr\u00e9s Betancourt de inmediato neg\u00f3 haber producido esa pieza auditiva. La Procuradur\u00eda se refiri\u00f3 al caso en su cuenta de Twitter: \u201cIntervenciones de la @PGN_COLy del Procurador General de la Naci\u00f3n no pueden ser utilizadas con fines pol\u00edticos en favor de candidatos a&#8230; <\/p>\n","protected":false},"author":3,"featured_media":26020,"comment_status":"open","ping_status":"closed","sticky":false,"template":"","format":"standard","meta":{"footnotes":"","_links_to":"","_links_to_target":""},"categories":[4,75],"tags":[],"class_list":["post-26019","post","type-post","status-publish","format-standard","has-post-thumbnail","hentry","category-politica","category-destacada"],"_links":{"self":[{"href":"https:\/\/revistazetta.com\/index.php?rest_route=\/wp\/v2\/posts\/26019","targetHints":{"allow":["GET"]}}],"collection":[{"href":"https:\/\/revistazetta.com\/index.php?rest_route=\/wp\/v2\/posts"}],"about":[{"href":"https:\/\/revistazetta.com\/index.php?rest_route=\/wp\/v2\/types\/post"}],"author":[{"embeddable":true,"href":"https:\/\/revistazetta.com\/index.php?rest_route=\/wp\/v2\/users\/3"}],"replies":[{"embeddable":true,"href":"https:\/\/revistazetta.com\/index.php?rest_route=%2Fwp%2Fv2%2Fcomments&post=26019"}],"version-history":[{"count":0,"href":"https:\/\/revistazetta.com\/index.php?rest_route=\/wp\/v2\/posts\/26019\/revisions"}],"wp:featuredmedia":[{"embeddable":true,"href":"https:\/\/revistazetta.com\/index.php?rest_route=\/wp\/v2\/media\/26020"}],"wp:attachment":[{"href":"https:\/\/revistazetta.com\/index.php?rest_route=%2Fwp%2Fv2%2Fmedia&parent=26019"}],"wp:term":[{"taxonomy":"category","embeddable":true,"href":"https:\/\/revistazetta.com\/index.php?rest_route=%2Fwp%2Fv2%2Fcategories&post=26019"},{"taxonomy":"post_tag","embeddable":true,"href":"https:\/\/revistazetta.com\/index.php?rest_route=%2Fwp%2Fv2%2Ftags&post=26019"}],"curies":[{"name":"wp","href":"https:\/\/api.w.org\/{rel}","templated":true}]}}