{"id":26022,"date":"2018-05-01T20:15:37","date_gmt":"2018-05-02T01:15:37","guid":{"rendered":"http:\/\/www.revistazetta.com\/?p=26022"},"modified":"2018-05-01T20:15:37","modified_gmt":"2018-05-02T01:15:37","slug":"campana-bolivar-german-vargas-lleras-se-toma-localidad-3","status":"publish","type":"post","link":"https:\/\/revistazetta.com\/?p=26022","title":{"rendered":"Campa\u00f1a en Bol\u00edvar de Germ\u00e1n Vargas Lleras se toma localidad 3"},"content":{"rendered":"<p><img loading=\"lazy\" decoding=\"async\" class=\"alignright size-medium wp-image-26024\" src=\"https:\/\/www.revistazetta.com\/wp-content\/uploads\/2018\/05\/2018-05-01-PHOTO-00000050-300x200.jpg\" alt=\"\" width=\"300\" height=\"200\" srcset=\"https:\/\/revistazetta.com\/wp-content\/uploads\/2018\/05\/2018-05-01-PHOTO-00000050-300x200.jpg 300w, https:\/\/revistazetta.com\/wp-content\/uploads\/2018\/05\/2018-05-01-PHOTO-00000050-1024x682.jpg 1024w, https:\/\/revistazetta.com\/wp-content\/uploads\/2018\/05\/2018-05-01-PHOTO-00000050-219x146.jpg 219w, https:\/\/revistazetta.com\/wp-content\/uploads\/2018\/05\/2018-05-01-PHOTO-00000050-50x33.jpg 50w, https:\/\/revistazetta.com\/wp-content\/uploads\/2018\/05\/2018-05-01-PHOTO-00000050-113x75.jpg 113w, https:\/\/revistazetta.com\/wp-content\/uploads\/2018\/05\/2018-05-01-PHOTO-00000050.jpg 1280w\" sizes=\"auto, (max-width: 300px) 100vw, 300px\" \/>Multiplicar el mensaje de que S\u00ed es posible un mejor pa\u00eds con mejores oportunidades de empleo, estudio y vivienda fue el objetivo de la toma de la localidad 3 por parte de la campa\u00f1a en Bol\u00edvar del candidato presidencial Germ\u00e1n\u00a0 Vargas Lleras.<\/p>\n<p>De la toma a barrios como Blas de Lezo, El Socorro, Plan 400, San Fernando, Los Caracoles, Campestre, El Milagro, La Reina y El Carmelo, participaron el equipo de mejor j\u00f3venes y l\u00edderes sociales y pol\u00edticos, y simpatizantes.<\/p>\n<p>La jornada estuvo liderada por el diputado Jorge redondo, los ediles Ramiro Mart\u00ednez y Mario Batista, y\u00a0 Jorge Benedetti, quienes de casa en casa tambi\u00e9n llevaron la mejor propuesta presidencial.<\/p>\n<p>Amelia Hern\u00e1ndez, habitante del barrio El Socorro, se\u00f1al\u00f3 que ten\u00eda dudas por qui\u00e9n votar pero que hoy ya decidi\u00f3, \u00abno la ten\u00eda clara, pero luego que ustedes dialogaron conmigo y me hablaron de lo que ha hecho y lo que propone, me queda claro que el pa\u00eds necesita un presidente como Germ\u00e1n\u00bb.<\/p>\n<p>As\u00ed como Amelia, decenas de cartageneros manifestaron a lo largo del recorrido su apoyo incondicional a Vargas Lleras, el cual materializar\u00e1n en las urnas el pr\u00f3ximo 27 de mayo.<\/p>\n<p>Tomas como \u00e9sta se seguir\u00e1n realizando en los pr\u00f3ximos d\u00edas en la localidad 1 y 2 de Cartagena, as\u00ed como en los 46 municipios que componen el departamento.<\/p>\n","protected":false},"excerpt":{"rendered":"<p>Multiplicar el mensaje de que S\u00ed es posible un mejor pa\u00eds con mejores oportunidades de empleo, estudio y vivienda fue el objetivo de la toma de la localidad 3 por parte de la campa\u00f1a en Bol\u00edvar del candidato presidencial Germ\u00e1n\u00a0 Vargas Lleras. De la toma a barrios como Blas de Lezo, El Socorro, Plan 400, San Fernando, Los Caracoles, Campestre, El Milagro, La Reina y El Carmelo, participaron el equipo de mejor j\u00f3venes y l\u00edderes sociales y pol\u00edticos, y simpatizantes. La jornada estuvo liderada por el diputado Jorge redondo, los&#8230; <\/p>\n","protected":false},"author":3,"featured_media":26023,"comment_status":"open","ping_status":"closed","sticky":false,"template":"","format":"standard","meta":{"footnotes":"","_links_to":"","_links_to_target":""},"categories":[75,4],"tags":[],"class_list":["post-26022","post","type-post","status-publish","format-standard","has-post-thumbnail","hentry","category-destacada","category-politica"],"_links":{"self":[{"href":"https:\/\/revistazetta.com\/index.php?rest_route=\/wp\/v2\/posts\/26022","targetHints":{"allow":["GET"]}}],"collection":[{"href":"https:\/\/revistazetta.com\/index.php?rest_route=\/wp\/v2\/posts"}],"about":[{"href":"https:\/\/revistazetta.com\/index.php?rest_route=\/wp\/v2\/types\/post"}],"author":[{"embeddable":true,"href":"https:\/\/revistazetta.com\/index.php?rest_route=\/wp\/v2\/users\/3"}],"replies":[{"embeddable":true,"href":"https:\/\/revistazetta.com\/index.php?rest_route=%2Fwp%2Fv2%2Fcomments&post=26022"}],"version-history":[{"count":0,"href":"https:\/\/revistazetta.com\/index.php?rest_route=\/wp\/v2\/posts\/26022\/revisions"}],"wp:featuredmedia":[{"embeddable":true,"href":"https:\/\/revistazetta.com\/index.php?rest_route=\/wp\/v2\/media\/26023"}],"wp:attachment":[{"href":"https:\/\/revistazetta.com\/index.php?rest_route=%2Fwp%2Fv2%2Fmedia&parent=26022"}],"wp:term":[{"taxonomy":"category","embeddable":true,"href":"https:\/\/revistazetta.com\/index.php?rest_route=%2Fwp%2Fv2%2Fcategories&post=26022"},{"taxonomy":"post_tag","embeddable":true,"href":"https:\/\/revistazetta.com\/index.php?rest_route=%2Fwp%2Fv2%2Ftags&post=26022"}],"curies":[{"name":"wp","href":"https:\/\/api.w.org\/{rel}","templated":true}]}}