{"id":26029,"date":"2018-05-02T06:55:30","date_gmt":"2018-05-02T11:55:30","guid":{"rendered":"http:\/\/www.revistazetta.com\/?p=26029"},"modified":"2018-05-02T06:55:30","modified_gmt":"2018-05-02T11:55:30","slug":"orbita-politica-john-zamora-miercoles-2-mayo","status":"publish","type":"post","link":"https:\/\/revistazetta.com\/?p=26029","title":{"rendered":"\u00d3rbita Pol\u00edtica de John Zamora \u2013 mi\u00e9rcoles 2 de mayo"},"content":{"rendered":"<p><strong>Centro Democr\u00e1tico se fue con Quinto<\/strong><\/p>\n<p>A las 3 de la tarde de este mi\u00e9rcoles 2 de mayo, en el hotel Intercontinental, se firmar\u00e1 el acuerdo program\u00e1tico mediante el cual el Centro Democr\u00e1tico se une a la campa\u00f1a a la Alcald\u00eda de Quinto Guerra.<\/p>\n<p>Aunque un poco tarda, no extra\u00f1a esta alineaci\u00f3n, pues uno de los firmantes de la famosa carta de empresarios que le pidi\u00f3 a quinto que se lanzar fue Alberto Ara\u00fajo Merlano, abuelo del senador Fernando Ara\u00fajo Rumi\u00e9, cabeza del uribismo en Cartagena y Bol\u00edvar.\u00a0Otro reconocido uribista, el Mello Otoya, tambi\u00e9n se ven\u00eda mostrando en las reuniones del candidato.<\/p>\n<p>&nbsp;<\/p>\n<p><strong>Diciendo y cumpliendo<\/strong><\/p>\n<p>El gobernador de Bol\u00edvar Dumek Turbay prometi\u00f3 $15 mil millones, patale\u00f3, pugn\u00f3 con el Distrito y finalmente hoy da el banderazo en la apertura de las obras de protecci\u00f3n de Playetas, el paso terrestre que une a Bar\u00fa con Cartagena, y que significa una redenci\u00f3n para la ancestral poblaci\u00f3n de este corregimiento.<\/p>\n<p>Las obras no se iniciaron antes pues primero se deb\u00edan reubicar algunas especies de la fauna marina all\u00ed establecida pero ya est\u00e1 todo dispuesto.<\/p>\n<p><strong>\u00a0<\/strong><\/p>\n<p><strong>La m\u00fasica de Colombia<\/strong><\/p>\n<p>Desde que Lucho Berm\u00fadez se fue a Bogot\u00e1 a ense\u00f1arle al otro pa\u00eds a amar la cumbia, el porro y otros de nuestros aires caribe\u00f1os, ha sido una constante el avance y predomino de nuestra m\u00fasica sobre la andina.<\/p>\n<p>En el siglo XIX y la mitad del XX, la m\u00fasica \u201cdecente\u201d eran los pasillos y guabinas interioranas, y hoy la m\u00fasica dominante es el vallenato.<\/p>\n<p>En Nari\u00f1o o Boyac\u00e1 es com\u00fan sintonizar emisoras con programaci\u00f3n exclusiva vallenata. Ese gusto por la m\u00fasica de acorde\u00f3n explica el porqu\u00e9 hay buenos ejecutantes cachacos, como el boyacense Juli\u00e1n Mojica, coronado Rey Vallenato en Valledupar.<\/p>\n<p>Los amantes del vallenato viven felices porque en cualquier parte de Colombia encuentran un conjunto o una emisora para alegrar sus momentos.<\/p>\n<p>&nbsp;<\/p>\n","protected":false},"excerpt":{"rendered":"<p>Centro Democr\u00e1tico se fue con Quinto A las 3 de la tarde de este mi\u00e9rcoles 2 de mayo, en el hotel Intercontinental, se firmar\u00e1 el acuerdo program\u00e1tico mediante el cual el Centro Democr\u00e1tico se une a la campa\u00f1a a la Alcald\u00eda de Quinto Guerra. Aunque un poco tarda, no extra\u00f1a esta alineaci\u00f3n, pues uno de los firmantes de la famosa carta de empresarios que le pidi\u00f3 a quinto que se lanzar fue Alberto Ara\u00fajo Merlano, abuelo del senador Fernando Ara\u00fajo Rumi\u00e9, cabeza del uribismo en Cartagena y Bol\u00edvar.\u00a0Otro reconocido uribista,&#8230; <\/p>\n","protected":false},"author":3,"featured_media":26030,"comment_status":"open","ping_status":"closed","sticky":false,"template":"","format":"standard","meta":{"footnotes":"","_links_to":"","_links_to_target":""},"categories":[75,47,44,45],"tags":[],"class_list":["post-26029","post","type-post","status-publish","format-standard","has-post-thumbnail","hentry","category-destacada","category-john-zamora","category-materiagris","category-orbita"],"_links":{"self":[{"href":"https:\/\/revistazetta.com\/index.php?rest_route=\/wp\/v2\/posts\/26029","targetHints":{"allow":["GET"]}}],"collection":[{"href":"https:\/\/revistazetta.com\/index.php?rest_route=\/wp\/v2\/posts"}],"about":[{"href":"https:\/\/revistazetta.com\/index.php?rest_route=\/wp\/v2\/types\/post"}],"author":[{"embeddable":true,"href":"https:\/\/revistazetta.com\/index.php?rest_route=\/wp\/v2\/users\/3"}],"replies":[{"embeddable":true,"href":"https:\/\/revistazetta.com\/index.php?rest_route=%2Fwp%2Fv2%2Fcomments&post=26029"}],"version-history":[{"count":0,"href":"https:\/\/revistazetta.com\/index.php?rest_route=\/wp\/v2\/posts\/26029\/revisions"}],"wp:featuredmedia":[{"embeddable":true,"href":"https:\/\/revistazetta.com\/index.php?rest_route=\/wp\/v2\/media\/26030"}],"wp:attachment":[{"href":"https:\/\/revistazetta.com\/index.php?rest_route=%2Fwp%2Fv2%2Fmedia&parent=26029"}],"wp:term":[{"taxonomy":"category","embeddable":true,"href":"https:\/\/revistazetta.com\/index.php?rest_route=%2Fwp%2Fv2%2Fcategories&post=26029"},{"taxonomy":"post_tag","embeddable":true,"href":"https:\/\/revistazetta.com\/index.php?rest_route=%2Fwp%2Fv2%2Ftags&post=26029"}],"curies":[{"name":"wp","href":"https:\/\/api.w.org\/{rel}","templated":true}]}}