{"id":26035,"date":"2018-05-03T08:17:48","date_gmt":"2018-05-03T13:17:48","guid":{"rendered":"http:\/\/www.revistazetta.com\/?p=26035"},"modified":"2018-05-03T08:32:12","modified_gmt":"2018-05-03T13:32:12","slug":"recuperacion-playetas-la-gente-habitat","status":"publish","type":"post","link":"https:\/\/revistazetta.com\/?p=26035","title":{"rendered":"Recuperaci\u00f3n de Playetas para la gente y para el h\u00e1bitat"},"content":{"rendered":"<p><img loading=\"lazy\" decoding=\"async\" class=\"alignright size-medium wp-image-26044\" src=\"https:\/\/www.revistazetta.com\/wp-content\/uploads\/2018\/05\/IMG_2993-2-300x188.jpg\" alt=\"\" width=\"300\" height=\"188\" srcset=\"https:\/\/revistazetta.com\/wp-content\/uploads\/2018\/05\/IMG_2993-2-300x188.jpg 300w, https:\/\/revistazetta.com\/wp-content\/uploads\/2018\/05\/IMG_2993-2.jpg 1024w, https:\/\/revistazetta.com\/wp-content\/uploads\/2018\/05\/IMG_2993-2-234x146.jpg 234w, https:\/\/revistazetta.com\/wp-content\/uploads\/2018\/05\/IMG_2993-2-50x31.jpg 50w, https:\/\/revistazetta.com\/wp-content\/uploads\/2018\/05\/IMG_2993-2-120x75.jpg 120w\" sizes=\"auto, (max-width: 300px) 100vw, 300px\" \/>Tal y como hab\u00eda sido anunciado, tras 22 a\u00f1os de espera por parte de esta comunidad de la zona insular de la capital de Bol\u00edvar, el gobernador Dumek Turbay Paz dio inicio oficial este mi\u00e9rcoles a las obras de protecci\u00f3n costera y de car\u00e1cter ambiental de la v\u00eda Playetas-Bar\u00fa, gracias a una inversi\u00f3n cercana a los $15.000 millones por parte de la Administraci\u00f3n Departamental.<\/p>\n<p>Estas obras, que comprenden la rehabilitaci\u00f3n y recuperaci\u00f3n del flujo vehicular de 1, 4 kil\u00f3metros viales, con la construcci\u00f3n de seis box coulverts, iniciaron as\u00ed la intervenci\u00f3n desde hoy de los primeros 200 metros, en lo cuales ya fueron removidos con sumo cuidado la totalidad de pl\u00e1ntulas y corales, conforme a lo establecido por la Autoridad Nacional de Licencias Ambientales (ANLA), Parques Naturales y el Ministerio de Medio Ambiente, y as\u00ed garantizar la protecci\u00f3n de estos ecosistemas.<\/p>\n<p>Cabe resaltar que, con el fin de garantizar el flujo de nativos y visitantes, cada uno de los box coulvert contar\u00e1 con una longitud 14 metros de largo y 3 metros altura, que garantizar\u00e1n el paso controlado del agua que hab\u00eda ganado espacio hist\u00f3ricamente con la erosi\u00f3n y acrecentamiento de la ci\u00e9naga interna del Moh\u00e1n.<\/p>\n<p>Estos trabajos tendr\u00e1n una duraci\u00f3n de 9 meses, en aras de garantizar que la v\u00eda se encuentre habilitada para la temporada tur\u00edstica de fin de a\u00f1o, y as\u00ed garantizar el sustento de decenas de familia de la zona insular de Playetas y Bar\u00fa, que viven de este tipo de actividades, seg\u00fan inform\u00f3 el gobernador Turbay. Se generar\u00e1n durante la ejecuci\u00f3n de estas labores, al menos, 50 empleos.<\/p>\n<p><img loading=\"lazy\" decoding=\"async\" class=\"alignright size-medium wp-image-26045\" src=\"https:\/\/www.revistazetta.com\/wp-content\/uploads\/2018\/05\/IMG_2994-2-300x188.jpg\" alt=\"\" width=\"300\" height=\"188\" srcset=\"https:\/\/revistazetta.com\/wp-content\/uploads\/2018\/05\/IMG_2994-2-300x188.jpg 300w, https:\/\/revistazetta.com\/wp-content\/uploads\/2018\/05\/IMG_2994-2.jpg 1024w, https:\/\/revistazetta.com\/wp-content\/uploads\/2018\/05\/IMG_2994-2-234x146.jpg 234w, https:\/\/revistazetta.com\/wp-content\/uploads\/2018\/05\/IMG_2994-2-50x31.jpg 50w, https:\/\/revistazetta.com\/wp-content\/uploads\/2018\/05\/IMG_2994-2-120x75.jpg 120w\" sizes=\"auto, (max-width: 300px) 100vw, 300px\" \/>Este inicio oficial de obras, adem\u00e1s de la presencia del Gobernador de Bol\u00edvar, tambi\u00e9n cont\u00f3 con la presencia del alcalde (e) de Cartagena, Sergio Londo\u00f1o Zurek; representantes del contratista responsable, Consorcio Vial Isla-Bar\u00fa, adem\u00e1s de representantes de la comunidad y empresarios.<\/p>\n<p>\u201cEstamos muy felices porque despu\u00e9s de tantos a\u00f1os esta comunidad de Playetas, en la v\u00eda de Bar\u00fa, hoy puede ver materializado el inicio de un gran sue\u00f1o: la recuperaci\u00f3n de una v\u00eda que representa much\u00edsimo para el desarrollo de su progreso y bienestar. Esperamos que en noviembre, cuando se inicia en firme la gran temporada tur\u00edstica de fin de a\u00f1o, tengamos este corredor listo y libre de cualquier amenaza de erosi\u00f3n\u201d, dijo Turbay.<\/p>\n<p>El alcalde Londo\u00f1o Zurek agradeci\u00f3 todo el apoyo que ha brindado el Gobernador de Bol\u00edvar, con los recursos y la disposici\u00f3n de acompa\u00f1ar en esta obra y en muchos otros proyectos desarrollados en Cartagena.<\/p>\n<p>\u201cEste encargo ha sido importante para la protecci\u00f3n costera. Gracias al Gobernador se cuenta con Playeta, pero tambi\u00e9n se reactivaron hace una semana las obras de Tierra Bomba, obra que ten\u00eda dificultades dese hace m\u00e1s de dos a\u00f1os. Tambi\u00e9n tendremos buenas noticias en cuanto a la protecci\u00f3n costera de Bocagrande y Marbella, que dejaremos junto con la Naci\u00f3n, lista para que se inicien las obras muy pronto. Estos tres proyectos dejan claro que este encargo, gracias a importantes aliados como el Gobernador, logr\u00f3 trabajar en la protecci\u00f3n e Cartagena de los embates del mar Caribe\u201d.<\/p>\n<p>\u201cEste proyecto de Playeta es un aliciente para la comunidad, pero nos impone grandes retos, todos en el manejo correcto del desarrollo sostenible y del turismo, como en otras zonas insulares como Playa Blanca, donde se necesita mejorar la forma c\u00f3mo se hace turismo\u201d.<\/p>\n<p>El Alcalde se\u00f1al\u00f3 que Corpoturismo cuenta con m\u00e1s de 3 mil millones de pesos para su funcionamiento, planes de promoci\u00f3n y la formalizaci\u00f3n del sector tur\u00edstico.<\/p>\n<p>\u201cEstas obras tienen dos funciones: prevenir el desastre ambiental y garantizar la movilidad de una zona tan importante para esta comunidad y sus muchos visitantes. Consideramos que Bar\u00fa es la joya de la corona para Cartagena. No pod\u00edamos estar de espaldas a eso y todo ese aporte al bienestar y al turismo que significa\u201d, puntualiz\u00f3 Turbay.<\/p>\n","protected":false},"excerpt":{"rendered":"<p>Tal y como hab\u00eda sido anunciado, tras 22 a\u00f1os de espera por parte de esta comunidad de la zona insular de la capital de Bol\u00edvar, el gobernador Dumek Turbay Paz dio inicio oficial este mi\u00e9rcoles a las obras de protecci\u00f3n costera y de car\u00e1cter ambiental de la v\u00eda Playetas-Bar\u00fa, gracias a una inversi\u00f3n cercana a los $15.000 millones por parte de la Administraci\u00f3n Departamental. Estas obras, que comprenden la rehabilitaci\u00f3n y recuperaci\u00f3n del flujo vehicular de 1, 4 kil\u00f3metros viales, con la construcci\u00f3n de seis box coulverts, iniciaron as\u00ed la&#8230; <\/p>\n","protected":false},"author":3,"featured_media":26036,"comment_status":"open","ping_status":"closed","sticky":false,"template":"","format":"standard","meta":{"footnotes":"","_links_to":"","_links_to_target":""},"categories":[75,2],"tags":[],"class_list":["post-26035","post","type-post","status-publish","format-standard","has-post-thumbnail","hentry","category-destacada","category-actualidad"],"_links":{"self":[{"href":"https:\/\/revistazetta.com\/index.php?rest_route=\/wp\/v2\/posts\/26035","targetHints":{"allow":["GET"]}}],"collection":[{"href":"https:\/\/revistazetta.com\/index.php?rest_route=\/wp\/v2\/posts"}],"about":[{"href":"https:\/\/revistazetta.com\/index.php?rest_route=\/wp\/v2\/types\/post"}],"author":[{"embeddable":true,"href":"https:\/\/revistazetta.com\/index.php?rest_route=\/wp\/v2\/users\/3"}],"replies":[{"embeddable":true,"href":"https:\/\/revistazetta.com\/index.php?rest_route=%2Fwp%2Fv2%2Fcomments&post=26035"}],"version-history":[{"count":0,"href":"https:\/\/revistazetta.com\/index.php?rest_route=\/wp\/v2\/posts\/26035\/revisions"}],"wp:featuredmedia":[{"embeddable":true,"href":"https:\/\/revistazetta.com\/index.php?rest_route=\/wp\/v2\/media\/26036"}],"wp:attachment":[{"href":"https:\/\/revistazetta.com\/index.php?rest_route=%2Fwp%2Fv2%2Fmedia&parent=26035"}],"wp:term":[{"taxonomy":"category","embeddable":true,"href":"https:\/\/revistazetta.com\/index.php?rest_route=%2Fwp%2Fv2%2Fcategories&post=26035"},{"taxonomy":"post_tag","embeddable":true,"href":"https:\/\/revistazetta.com\/index.php?rest_route=%2Fwp%2Fv2%2Ftags&post=26035"}],"curies":[{"name":"wp","href":"https:\/\/api.w.org\/{rel}","templated":true}]}}