{"id":26039,"date":"2018-05-03T08:21:46","date_gmt":"2018-05-03T13:21:46","guid":{"rendered":"http:\/\/www.revistazetta.com\/?p=26039"},"modified":"2018-05-03T08:21:46","modified_gmt":"2018-05-03T13:21:46","slug":"este-jueves-concierto-del-coro-polifonico-zino-yonusas-unibac","status":"publish","type":"post","link":"https:\/\/revistazetta.com\/?p=26039","title":{"rendered":"Este jueves, concierto del Coro\u00a0Polif\u00f3nico\u00a0Zino Yonusas en Unibac"},"content":{"rendered":"<p><b>E<\/b>ste jueves 3 de mayo, el Coro Polif\u00f3nico Zino Yonusas ofrecer\u00e1 un concierto a las 6 de la tarde, en el sal\u00f3n Pierre Daguet de la Instituci\u00f3n Universitaria Bellas Artes y Ciencias de Bol\u00edvar (Unibac) con entrada libre al p\u00fablico.<\/p>\n<p>El Coro Polif\u00f3nico es un conjunto mayor del programa profesional de M\u00fasica de Unibac, que hereda las tradiciones del canto coral cultivadas por muchas generaciones de m\u00fasicos formados en Bellas Artes, las cuales alcanzaron su m\u00e1s alta expresi\u00f3n gracias al invaluable aporte del lituano Zino Yonusas. Adquiri\u00f3 su estatus de conjunto mayor en el a\u00f1o 2015, con lo cual se ha consolidado como un espacio acad\u00e9mico para la formaci\u00f3n de cantantes l\u00edricos, cantantes y directores corales en el actual Conservatorio de Unibac.<\/p>\n<p>El grupo, dirigido por el maestro Fernando Carrillo, fue ganador del Primer Premio en el Concurso Nacional de Coros, organizado por la Asociaci\u00f3n Colombiana de Universidades en 2016. Est\u00e1 conformado por 30 estudiantes y egresados del \u00e1rea de canto l\u00edrico y coral del Conservatorio Adolfo Mej\u00eda.<\/p>\n<p>El repertorio para esta presentaci\u00f3n incluir\u00e1 \u201cMiserere\u201d (Antonio Lotti), \u201cAve Mar\u00eda\u201d (Adolfo Mej\u00eda Navarro), \u201cLa llamada\u201d (Armando Bernabeu Lorenzo),<br \/>\n\u201cLocuras\u201d (Silvio Rodr\u00edguez) y \u201cFina estampa\u201d (Chabuca Granda), entre otras canciones.<\/p>\n<p>Este concierto es<strong>\u00a0<\/strong>organizado por el Conservatorio de M\u00fasica Adolfo Mej\u00eda de Unibac y hace parte de las actividades culturales que realiza la Instituci\u00f3n como parte de su proyecci\u00f3n social.<\/p>\n","protected":false},"excerpt":{"rendered":"<p>Este jueves 3 de mayo, el Coro Polif\u00f3nico Zino Yonusas ofrecer\u00e1 un concierto a las 6 de la tarde, en el sal\u00f3n Pierre Daguet de la Instituci\u00f3n Universitaria Bellas Artes y Ciencias de Bol\u00edvar (Unibac) con entrada libre al p\u00fablico. El Coro Polif\u00f3nico es un conjunto mayor del programa profesional de M\u00fasica de Unibac, que hereda las tradiciones del canto coral cultivadas por muchas generaciones de m\u00fasicos formados en Bellas Artes, las cuales alcanzaron su m\u00e1s alta expresi\u00f3n gracias al invaluable aporte del lituano Zino Yonusas. Adquiri\u00f3 su estatus de&#8230; <\/p>\n","protected":false},"author":3,"featured_media":26040,"comment_status":"open","ping_status":"closed","sticky":false,"template":"","format":"standard","meta":{"footnotes":"","_links_to":"","_links_to_target":""},"categories":[41],"tags":[],"class_list":["post-26039","post","type-post","status-publish","format-standard","has-post-thumbnail","hentry","category-cultura"],"_links":{"self":[{"href":"https:\/\/revistazetta.com\/index.php?rest_route=\/wp\/v2\/posts\/26039","targetHints":{"allow":["GET"]}}],"collection":[{"href":"https:\/\/revistazetta.com\/index.php?rest_route=\/wp\/v2\/posts"}],"about":[{"href":"https:\/\/revistazetta.com\/index.php?rest_route=\/wp\/v2\/types\/post"}],"author":[{"embeddable":true,"href":"https:\/\/revistazetta.com\/index.php?rest_route=\/wp\/v2\/users\/3"}],"replies":[{"embeddable":true,"href":"https:\/\/revistazetta.com\/index.php?rest_route=%2Fwp%2Fv2%2Fcomments&post=26039"}],"version-history":[{"count":0,"href":"https:\/\/revistazetta.com\/index.php?rest_route=\/wp\/v2\/posts\/26039\/revisions"}],"wp:featuredmedia":[{"embeddable":true,"href":"https:\/\/revistazetta.com\/index.php?rest_route=\/wp\/v2\/media\/26040"}],"wp:attachment":[{"href":"https:\/\/revistazetta.com\/index.php?rest_route=%2Fwp%2Fv2%2Fmedia&parent=26039"}],"wp:term":[{"taxonomy":"category","embeddable":true,"href":"https:\/\/revistazetta.com\/index.php?rest_route=%2Fwp%2Fv2%2Fcategories&post=26039"},{"taxonomy":"post_tag","embeddable":true,"href":"https:\/\/revistazetta.com\/index.php?rest_route=%2Fwp%2Fv2%2Ftags&post=26039"}],"curies":[{"name":"wp","href":"https:\/\/api.w.org\/{rel}","templated":true}]}}