{"id":26041,"date":"2018-05-03T08:24:27","date_gmt":"2018-05-03T13:24:27","guid":{"rendered":"http:\/\/www.revistazetta.com\/?p=26041"},"modified":"2018-05-03T08:24:27","modified_gmt":"2018-05-03T13:24:27","slug":"arjona-se-inicio-registro-migrantes-venezolanos","status":"publish","type":"post","link":"https:\/\/revistazetta.com\/?p=26041","title":{"rendered":"En Arjona se inici\u00f3 registro de migrantes venezolanos"},"content":{"rendered":"<p>La Alcald\u00eda de Arjona, a trav\u00e9s de la Oficina Municipal de Gesti\u00f3n del Riesgo inici\u00f3 el Registro Administrativo de Migrantes Venezolanos (RAMV) que residen en el municipio, dando cumplimiento al Decreto 542 del 21 de Marzo de 2018 de la Presidencia de la Rep\u00fablica.<\/p>\n<p>Este proceso inici\u00f3 hoy y se realizar\u00e1 hasta el 8 de Junio del a\u00f1o en curso y tiene como fin ampliar la informaci\u00f3n sobre los ciudadanos venezolanos en Colombia, para que el Gobierno Nacional pueda dise\u00f1ar e implementar una pol\u00edtica p\u00fablica enfocada a mejorar la atenci\u00f3n y protecci\u00f3n de los derechos humanos de la poblaci\u00f3n proveniente de Venezuela.<\/p>\n<p>El coordinador de la Oficina Municipal de Gesti\u00f3n del Riesgo, Javier Meza, aclar\u00f3 que este registro no\u00a0otorgar\u00e1 ning\u00fan tipo de estatus migratorio, ni constituir\u00e1 autorizaci\u00f3n de permanencia o regularizaci\u00f3n, es exclusivamente de car\u00e1cter informativo. As\u00ed mismo record\u00f3 que la informaci\u00f3n suministrada ser\u00e1 de car\u00e1cter confidencial y\u00a0no se\u00a0impondr\u00e1 medidas sancionatorias, como multas, deportaciones o expulsiones.<\/p>\n<p>La alcaldesa de Arjona, Esther Mar\u00eda Jalilie Garc\u00eda, manifest\u00f3 que la administraci\u00f3n municipal ha dispuesto de un equipo de trabajo que estar\u00e1 dispuesto a recibir y atender a la poblaci\u00f3n que requiera realizar este censo.<\/p>\n","protected":false},"excerpt":{"rendered":"<p>La Alcald\u00eda de Arjona, a trav\u00e9s de la Oficina Municipal de Gesti\u00f3n del Riesgo inici\u00f3 el Registro Administrativo de Migrantes Venezolanos (RAMV) que residen en el municipio, dando cumplimiento al Decreto 542 del 21 de Marzo de 2018 de la Presidencia de la Rep\u00fablica. Este proceso inici\u00f3 hoy y se realizar\u00e1 hasta el 8 de Junio del a\u00f1o en curso y tiene como fin ampliar la informaci\u00f3n sobre los ciudadanos venezolanos en Colombia, para que el Gobierno Nacional pueda dise\u00f1ar e implementar una pol\u00edtica p\u00fablica enfocada a mejorar la atenci\u00f3n&#8230; <\/p>\n","protected":false},"author":3,"featured_media":26042,"comment_status":"open","ping_status":"closed","sticky":false,"template":"","format":"standard","meta":{"footnotes":"","_links_to":"","_links_to_target":""},"categories":[80,83],"tags":[],"class_list":["post-26041","post","type-post","status-publish","format-standard","has-post-thumbnail","hentry","category-region","category-municipios"],"_links":{"self":[{"href":"https:\/\/revistazetta.com\/index.php?rest_route=\/wp\/v2\/posts\/26041","targetHints":{"allow":["GET"]}}],"collection":[{"href":"https:\/\/revistazetta.com\/index.php?rest_route=\/wp\/v2\/posts"}],"about":[{"href":"https:\/\/revistazetta.com\/index.php?rest_route=\/wp\/v2\/types\/post"}],"author":[{"embeddable":true,"href":"https:\/\/revistazetta.com\/index.php?rest_route=\/wp\/v2\/users\/3"}],"replies":[{"embeddable":true,"href":"https:\/\/revistazetta.com\/index.php?rest_route=%2Fwp%2Fv2%2Fcomments&post=26041"}],"version-history":[{"count":0,"href":"https:\/\/revistazetta.com\/index.php?rest_route=\/wp\/v2\/posts\/26041\/revisions"}],"wp:featuredmedia":[{"embeddable":true,"href":"https:\/\/revistazetta.com\/index.php?rest_route=\/wp\/v2\/media\/26042"}],"wp:attachment":[{"href":"https:\/\/revistazetta.com\/index.php?rest_route=%2Fwp%2Fv2%2Fmedia&parent=26041"}],"wp:term":[{"taxonomy":"category","embeddable":true,"href":"https:\/\/revistazetta.com\/index.php?rest_route=%2Fwp%2Fv2%2Fcategories&post=26041"},{"taxonomy":"post_tag","embeddable":true,"href":"https:\/\/revistazetta.com\/index.php?rest_route=%2Fwp%2Fv2%2Ftags&post=26041"}],"curies":[{"name":"wp","href":"https:\/\/api.w.org\/{rel}","templated":true}]}}