{"id":26055,"date":"2018-05-03T09:17:02","date_gmt":"2018-05-03T14:17:02","guid":{"rendered":"http:\/\/www.revistazetta.com\/?p=26055"},"modified":"2018-05-03T09:17:02","modified_gmt":"2018-05-03T14:17:02","slug":"estoy-plenamente-habilitado-alcalde-cartagena-quinto","status":"publish","type":"post","link":"https:\/\/revistazetta.com\/?p=26055","title":{"rendered":"\u201cEstoy plenamente habilitado para ser alcalde de Cartagena\u201d: Quinto"},"content":{"rendered":"<p><img loading=\"lazy\" decoding=\"async\" class=\"alignright size-medium wp-image-26058\" src=\"https:\/\/www.revistazetta.com\/wp-content\/uploads\/2018\/05\/Pleno-6-300x188.jpg\" alt=\"\" width=\"300\" height=\"188\" srcset=\"https:\/\/revistazetta.com\/wp-content\/uploads\/2018\/05\/Pleno-6-300x188.jpg 300w, https:\/\/revistazetta.com\/wp-content\/uploads\/2018\/05\/Pleno-6.jpg 1024w, https:\/\/revistazetta.com\/wp-content\/uploads\/2018\/05\/Pleno-6-234x146.jpg 234w, https:\/\/revistazetta.com\/wp-content\/uploads\/2018\/05\/Pleno-6-50x31.jpg 50w, https:\/\/revistazetta.com\/wp-content\/uploads\/2018\/05\/Pleno-6-120x75.jpg 120w\" sizes=\"auto, (max-width: 300px) 100vw, 300px\" \/>La decisi\u00f3n tomada por el Consejo Nacional Electora hace tr\u00e1nsito a cosa juzgada, no procede recurso alguno por la v\u00eda gubernativa y se encuentra en firme o ejecutoriada, explic\u00f3 el candidato a la Alcald\u00eda Antonio Quinto Guerra.<\/p>\n<p>\u201cHablar de casos hipot\u00e9ticos frente a la elecci\u00f3n, tambi\u00e9n damos tranquilidad. Lo que la jurisprudencia colombiana ha denominado \u201cconfianza leg\u00edtima\u201d, no pudiera haber un nuevo proceso eventualmente, sobre unos hechos que fueron debatidos una, dos y tres veces en la misma instancia\u201d, se\u00f1al\u00f3.<\/p>\n<p>Dijo que \u201cse rompe la estructura jur\u00eddica en Colombia cuando los procesos administrativos, como el caso que nos ocup\u00f3, que es de una sola instancia, fue sometida a tras debates con conjueces y todos nos dieron la naci\u00f3n. El CNE se pronunci\u00f3 en derecho y se hizo justicia. Estamos plenamente habilitados para ser alcalde de Cartagena\u201d.<\/p>\n<p><img loading=\"lazy\" decoding=\"async\" class=\"alignright size-medium wp-image-26057\" src=\"https:\/\/www.revistazetta.com\/wp-content\/uploads\/2018\/05\/Pleno-5-240x300.jpg\" alt=\"\" width=\"240\" height=\"300\" srcset=\"https:\/\/revistazetta.com\/wp-content\/uploads\/2018\/05\/Pleno-5-240x300.jpg 240w, https:\/\/revistazetta.com\/wp-content\/uploads\/2018\/05\/Pleno-5-117x146.jpg 117w, https:\/\/revistazetta.com\/wp-content\/uploads\/2018\/05\/Pleno-5-40x50.jpg 40w, https:\/\/revistazetta.com\/wp-content\/uploads\/2018\/05\/Pleno-5-60x75.jpg 60w, https:\/\/revistazetta.com\/wp-content\/uploads\/2018\/05\/Pleno-5.jpg 640w\" sizes=\"auto, (max-width: 240px) 100vw, 240px\" \/>Y puntualiz\u00f3: \u201cA los cartageneros les decimos: nos levantamos de esta mesa con m\u00e1s fuerza y m\u00e1s voluntad de servicio, y les miraremos a los ojos y con la frente en alto, porque la gente del pueblo si puede gobernar a la ciudad, en la medida que nos hemos preparado para ello, porque con Quinto ganamos todos\u201d.<\/p>\n<p>En rueda de prensa nocturna este mi\u00e9rcoles, Guerra Varela expres\u00f3:\u00a0\u201cHoy termina uno de los momentos m\u00e1s dif\u00edciles que ha afrontado nuestra campa\u00f1a. \u201cTener que demostrar una y otra vez que estoy habilitado para aspirar a la Alcald\u00eda de Cartagena, sacrificando tiempo valioso para asumir mi defensa y poder seguir recorriendo los barrios, dando a conocer mi programa de gobierno, que busca mejorar las condiciones de vida de los habitantes de la ciudad que tanto amo. La tarea no termina aqu\u00ed, aprovechar\u00e9 cada d\u00eda que resta de la campa\u00f1a para seguir trabajando para que todos ganemos con seguridad, salud, educaci\u00f3n y deporte\u201d, indic\u00f3.<\/p>\n<p>\u201cAgradecemos al pueblo cartagenero la confianza que siempre ha depositado en nosotros y nos reconforta seguir mir\u00e1ndolos a los ojos y con la frente en alto, como siempre lo hemos hecho\u201d, precis\u00f3.<\/p>\n<p>As\u00ed mismo, advirti\u00f3: \u201cCartageneros pueden estar seguros que la decisi\u00f3n del Consejo Nacional Electoral (CNE), m\u00e1ximo tribunal electoral, nos ampara ante cualquier nueva acci\u00f3n jur\u00eddica contra la candidatura y posterior elecci\u00f3n. Me levanto de esta mesa con las ganas de seguir trabajando, como siempre lo he hecho y lo seguir\u00e9 haciendo\u201d, dijo.<\/p>\n<p><img loading=\"lazy\" decoding=\"async\" class=\"alignright size-medium wp-image-26059\" src=\"https:\/\/www.revistazetta.com\/wp-content\/uploads\/2018\/05\/Pleno-10-300x240.jpg\" alt=\"\" width=\"300\" height=\"240\" srcset=\"https:\/\/revistazetta.com\/wp-content\/uploads\/2018\/05\/Pleno-10-300x240.jpg 300w, https:\/\/revistazetta.com\/wp-content\/uploads\/2018\/05\/Pleno-10-183x146.jpg 183w, https:\/\/revistazetta.com\/wp-content\/uploads\/2018\/05\/Pleno-10-50x40.jpg 50w, https:\/\/revistazetta.com\/wp-content\/uploads\/2018\/05\/Pleno-10-94x75.jpg 94w, https:\/\/revistazetta.com\/wp-content\/uploads\/2018\/05\/Pleno-10.jpg 800w\" sizes=\"auto, (max-width: 300px) 100vw, 300px\" \/><\/p>\n","protected":false},"excerpt":{"rendered":"<p>La decisi\u00f3n tomada por el Consejo Nacional Electora hace tr\u00e1nsito a cosa juzgada, no procede recurso alguno por la v\u00eda gubernativa y se encuentra en firme o ejecutoriada, explic\u00f3 el candidato a la Alcald\u00eda Antonio Quinto Guerra. \u201cHablar de casos hipot\u00e9ticos frente a la elecci\u00f3n, tambi\u00e9n damos tranquilidad. Lo que la jurisprudencia colombiana ha denominado \u201cconfianza leg\u00edtima\u201d, no pudiera haber un nuevo proceso eventualmente, sobre unos hechos que fueron debatidos una, dos y tres veces en la misma instancia\u201d, se\u00f1al\u00f3. Dijo que \u201cse rompe la estructura jur\u00eddica en Colombia cuando&#8230; <\/p>\n","protected":false},"author":3,"featured_media":26056,"comment_status":"open","ping_status":"closed","sticky":false,"template":"","format":"standard","meta":{"footnotes":"","_links_to":"","_links_to_target":""},"categories":[75,4],"tags":[],"class_list":["post-26055","post","type-post","status-publish","format-standard","has-post-thumbnail","hentry","category-destacada","category-politica"],"_links":{"self":[{"href":"https:\/\/revistazetta.com\/index.php?rest_route=\/wp\/v2\/posts\/26055","targetHints":{"allow":["GET"]}}],"collection":[{"href":"https:\/\/revistazetta.com\/index.php?rest_route=\/wp\/v2\/posts"}],"about":[{"href":"https:\/\/revistazetta.com\/index.php?rest_route=\/wp\/v2\/types\/post"}],"author":[{"embeddable":true,"href":"https:\/\/revistazetta.com\/index.php?rest_route=\/wp\/v2\/users\/3"}],"replies":[{"embeddable":true,"href":"https:\/\/revistazetta.com\/index.php?rest_route=%2Fwp%2Fv2%2Fcomments&post=26055"}],"version-history":[{"count":0,"href":"https:\/\/revistazetta.com\/index.php?rest_route=\/wp\/v2\/posts\/26055\/revisions"}],"wp:featuredmedia":[{"embeddable":true,"href":"https:\/\/revistazetta.com\/index.php?rest_route=\/wp\/v2\/media\/26056"}],"wp:attachment":[{"href":"https:\/\/revistazetta.com\/index.php?rest_route=%2Fwp%2Fv2%2Fmedia&parent=26055"}],"wp:term":[{"taxonomy":"category","embeddable":true,"href":"https:\/\/revistazetta.com\/index.php?rest_route=%2Fwp%2Fv2%2Fcategories&post=26055"},{"taxonomy":"post_tag","embeddable":true,"href":"https:\/\/revistazetta.com\/index.php?rest_route=%2Fwp%2Fv2%2Ftags&post=26055"}],"curies":[{"name":"wp","href":"https:\/\/api.w.org\/{rel}","templated":true}]}}