{"id":26060,"date":"2018-05-04T06:17:10","date_gmt":"2018-05-04T11:17:10","guid":{"rendered":"http:\/\/www.revistazetta.com\/?p=26060"},"modified":"2018-05-04T06:17:10","modified_gmt":"2018-05-04T11:17:10","slug":"este-pais-necesita-construir-desde-una-vision-centro-firmeza-seguridad-justicia-duque","status":"publish","type":"post","link":"https:\/\/revistazetta.com\/?p=26060","title":{"rendered":"Este pa\u00eds necesita construir desde una visi\u00f3n de centro, pero con firmeza en seguridad y justicia: Duque"},"content":{"rendered":"<p>El candidato a la Presidencia Iv\u00e1n Duque destac\u00f3 este jueves las cualidades que como pol\u00edtico y l\u00edder social, ha demostrado durante su trayectoria el doctor Angelino Garz\u00f3n.<\/p>\n<p>\u201cSu servicio al pa\u00eds y el apoyo que le ha dado a esta candidatura me honra, me motiva. Su presencia en esta campa\u00f1a valida m\u00e1s que nada lo que he denominado el extremo centro\u201d, dijo el candidato durante la presentaci\u00f3n del libro \u2018Cartas Abiertas\u2019, de autor\u00eda del exvicepresidente.<\/p>\n<p>Duque destac\u00f3 el di\u00e1logo social y los principios que Garz\u00f3n ha promovido en su carrera como funcionario p\u00fablico.<\/p>\n<p>\u201cEste pa\u00eds necesita construir desde una visi\u00f3n de centro pero con mucha firmeza en los valores de la seguridad, de la justicia, que sea capaz de fomentar el acuerdo entre trabajadores y empleadores, y que sea capaz de construir la equidad con una econom\u00eda de mercado con sentido social\u201d, precis\u00f3.<\/p>\n<p>A su turno, Garz\u00f3n afirm\u00f3 que el pa\u00eds necesita a Iv\u00e1n Duque como presidente de Colombia en la defensa de los derechos humanos.<\/p>\n<p>\u201cUsted puede ser uno de los mejores presidentes de Colombia si se decide por una pol\u00edtica en favor del di\u00e1logo social y en favor de ampliar la v\u00eda democr\u00e1tica y el respeto integral de los derechos humanos\u201d, anot\u00f3.<\/p>\n<p>En el conversatorio, el aspirante presidencial respondi\u00f3 preguntas del p\u00fablico, a trav\u00e9s de las cuales pudo exponer algunos puntos de su plan de gobierno.<\/p>\n<p>\u201cNo voy a aumentar la edad de pensi\u00f3n en Colombia. La sustituci\u00f3n pensional se mantiene para proteger a las mujeres y a muchos hombres. Hay que mantener los programas de apoyo para las personas que no tienen pensi\u00f3n\u201d, expres\u00f3.<\/p>\n<p>Sobre educaci\u00f3n, explic\u00f3 su propuesta educativa de la jornada completa y bachillerato t\u00e9cnico en los \u00faltimos tres grados, para que los estudiantes reciban formaci\u00f3n t\u00e9cnica para el empleo.<\/p>\n<p>En vivienda afirm\u00f3 que promover\u00e1 \u201cla expansi\u00f3n del cr\u00e9dito sin la cuota inicial para que todos los colombianos puedan ser propietarios de una vivienda digna\u201d.<\/p>\n","protected":false},"excerpt":{"rendered":"<p>El candidato a la Presidencia Iv\u00e1n Duque destac\u00f3 este jueves las cualidades que como pol\u00edtico y l\u00edder social, ha demostrado durante su trayectoria el doctor Angelino Garz\u00f3n. \u201cSu servicio al pa\u00eds y el apoyo que le ha dado a esta candidatura me honra, me motiva. Su presencia en esta campa\u00f1a valida m\u00e1s que nada lo que he denominado el extremo centro\u201d, dijo el candidato durante la presentaci\u00f3n del libro \u2018Cartas Abiertas\u2019, de autor\u00eda del exvicepresidente. Duque destac\u00f3 el di\u00e1logo social y los principios que Garz\u00f3n ha promovido en su carrera&#8230; <\/p>\n","protected":false},"author":3,"featured_media":26061,"comment_status":"open","ping_status":"closed","sticky":false,"template":"","format":"standard","meta":{"footnotes":"","_links_to":"","_links_to_target":""},"categories":[2,35],"tags":[],"class_list":["post-26060","post","type-post","status-publish","format-standard","has-post-thumbnail","hentry","category-actualidad","category-actualidad-nacion"],"_links":{"self":[{"href":"https:\/\/revistazetta.com\/index.php?rest_route=\/wp\/v2\/posts\/26060","targetHints":{"allow":["GET"]}}],"collection":[{"href":"https:\/\/revistazetta.com\/index.php?rest_route=\/wp\/v2\/posts"}],"about":[{"href":"https:\/\/revistazetta.com\/index.php?rest_route=\/wp\/v2\/types\/post"}],"author":[{"embeddable":true,"href":"https:\/\/revistazetta.com\/index.php?rest_route=\/wp\/v2\/users\/3"}],"replies":[{"embeddable":true,"href":"https:\/\/revistazetta.com\/index.php?rest_route=%2Fwp%2Fv2%2Fcomments&post=26060"}],"version-history":[{"count":0,"href":"https:\/\/revistazetta.com\/index.php?rest_route=\/wp\/v2\/posts\/26060\/revisions"}],"wp:featuredmedia":[{"embeddable":true,"href":"https:\/\/revistazetta.com\/index.php?rest_route=\/wp\/v2\/media\/26061"}],"wp:attachment":[{"href":"https:\/\/revistazetta.com\/index.php?rest_route=%2Fwp%2Fv2%2Fmedia&parent=26060"}],"wp:term":[{"taxonomy":"category","embeddable":true,"href":"https:\/\/revistazetta.com\/index.php?rest_route=%2Fwp%2Fv2%2Fcategories&post=26060"},{"taxonomy":"post_tag","embeddable":true,"href":"https:\/\/revistazetta.com\/index.php?rest_route=%2Fwp%2Fv2%2Ftags&post=26060"}],"curies":[{"name":"wp","href":"https:\/\/api.w.org\/{rel}","templated":true}]}}