{"id":26065,"date":"2018-05-04T17:59:54","date_gmt":"2018-05-04T22:59:54","guid":{"rendered":"http:\/\/www.revistazetta.com\/?p=26065"},"modified":"2018-05-04T17:59:54","modified_gmt":"2018-05-04T22:59:54","slug":"uribismo-cartagena-apoya-quinto-guerra","status":"publish","type":"post","link":"https:\/\/revistazetta.com\/?p=26065","title":{"rendered":"Uribismo de Cartagena apoya a Quinto Guerra"},"content":{"rendered":"<p>Se confirm\u00f3 la llegada del uribismo a la campa\u00f1a de Quinto Guerra, pues varios de sus m\u00e1s insignes militantes as\u00ed lo anunciaron, aunque oficialmente el partido Centro Democr\u00e1tico no ha dicho \u201cesta boca es m\u00eda\u201d.<\/p>\n<p>Connotados militantes del Centro Democr\u00e1tico como Gabriel Arango Bacci, Luis Guillermo \u201cMello\u201d Otoya, Fernando Benedetti y Jairo Berr\u00edo expresaron su respaldo a Guerra Varela.<\/p>\n<p>No obstante, ni el senador Fernando Ara\u00fajo, ni el expresidente \u00c1lvaro Uribe ni el candidato presidencial Iv\u00e1n Duque se han pronunciado sobre el particular.<\/p>\n<p>El almirante Arango Bacci lider\u00f3 el grupo de la militancia uribista en Cartagena para pronunciarse a favor del candidato a la Alcald\u00eda, Antonio Quinto Guerra.<\/p>\n<p>\u00abS\u00e9 que Quinto es el mejor preparado. \u00c9l conoce a fondo la ciudad y estoy seguro que sus proyectos son serios y pertinentes para Cartagena. Con orgullo aprobar\u00e9 a un gran amigo y excelente persona\u00bb asegur\u00f3 Arango Bacci.<\/p>\n<p>De igual manera, Luis Guillermo \u00abEl Mello\u00bb Otoya, empresario cartagenero expres\u00f3 su convicci\u00f3n para acompa\u00f1ar a Quinto Guerra en estas elecciones at\u00edpicas.<\/p>\n<p>\u00abApoyo a Quinto porque es el hombre que tiene la experiencia y el conocimiento para ayudar a sacar a Cartagena de la situaci\u00f3n tan complicada en la que se encuentra. Somos una fuerza democr\u00e1tica que saldr\u00e1 este 6 de mayo convencidos que con Quinto ganamos todos\u00bb afirm\u00f3.<\/p>\n<p>El candidato Antonio Quinto Guerra agradeci\u00f3 el respaldo y advirti\u00f3 que los representantes del uribismo, adem\u00e1s de ser personas probas, tienen un gran deseo por sacar a Cartagena adelante. \u201cGracias por su apoyo\u201d, expres\u00f3 Guerra Varela.<\/p>\n<p>En d\u00edas pasados tambi\u00e9n se conoci\u00f3 el respaldo de diputado Mario del Castillo y varios dirigentes m\u00e1s.<\/p>\n<p><img loading=\"lazy\" decoding=\"async\" class=\"alignright size-medium wp-image-26066\" src=\"https:\/\/www.revistazetta.com\/wp-content\/uploads\/2018\/05\/Uribismo-con-Quinto-2-300x188.jpg\" alt=\"\" width=\"300\" height=\"188\" srcset=\"https:\/\/revistazetta.com\/wp-content\/uploads\/2018\/05\/Uribismo-con-Quinto-2-300x188.jpg 300w, https:\/\/revistazetta.com\/wp-content\/uploads\/2018\/05\/Uribismo-con-Quinto-2.jpg 1024w, https:\/\/revistazetta.com\/wp-content\/uploads\/2018\/05\/Uribismo-con-Quinto-2-234x146.jpg 234w, https:\/\/revistazetta.com\/wp-content\/uploads\/2018\/05\/Uribismo-con-Quinto-2-50x31.jpg 50w, https:\/\/revistazetta.com\/wp-content\/uploads\/2018\/05\/Uribismo-con-Quinto-2-120x75.jpg 120w\" sizes=\"auto, (max-width: 300px) 100vw, 300px\" \/><\/p>\n<p>&nbsp;<\/p>\n","protected":false},"excerpt":{"rendered":"<p>Se confirm\u00f3 la llegada del uribismo a la campa\u00f1a de Quinto Guerra, pues varios de sus m\u00e1s insignes militantes as\u00ed lo anunciaron, aunque oficialmente el partido Centro Democr\u00e1tico no ha dicho \u201cesta boca es m\u00eda\u201d. Connotados militantes del Centro Democr\u00e1tico como Gabriel Arango Bacci, Luis Guillermo \u201cMello\u201d Otoya, Fernando Benedetti y Jairo Berr\u00edo expresaron su respaldo a Guerra Varela. No obstante, ni el senador Fernando Ara\u00fajo, ni el expresidente \u00c1lvaro Uribe ni el candidato presidencial Iv\u00e1n Duque se han pronunciado sobre el particular. El almirante Arango Bacci lider\u00f3 el grupo&#8230; <\/p>\n","protected":false},"author":3,"featured_media":26064,"comment_status":"open","ping_status":"closed","sticky":false,"template":"","format":"standard","meta":{"footnotes":"","_links_to":"","_links_to_target":""},"categories":[75,4],"tags":[],"class_list":["post-26065","post","type-post","status-publish","format-standard","has-post-thumbnail","hentry","category-destacada","category-politica"],"_links":{"self":[{"href":"https:\/\/revistazetta.com\/index.php?rest_route=\/wp\/v2\/posts\/26065","targetHints":{"allow":["GET"]}}],"collection":[{"href":"https:\/\/revistazetta.com\/index.php?rest_route=\/wp\/v2\/posts"}],"about":[{"href":"https:\/\/revistazetta.com\/index.php?rest_route=\/wp\/v2\/types\/post"}],"author":[{"embeddable":true,"href":"https:\/\/revistazetta.com\/index.php?rest_route=\/wp\/v2\/users\/3"}],"replies":[{"embeddable":true,"href":"https:\/\/revistazetta.com\/index.php?rest_route=%2Fwp%2Fv2%2Fcomments&post=26065"}],"version-history":[{"count":0,"href":"https:\/\/revistazetta.com\/index.php?rest_route=\/wp\/v2\/posts\/26065\/revisions"}],"wp:featuredmedia":[{"embeddable":true,"href":"https:\/\/revistazetta.com\/index.php?rest_route=\/wp\/v2\/media\/26064"}],"wp:attachment":[{"href":"https:\/\/revistazetta.com\/index.php?rest_route=%2Fwp%2Fv2%2Fmedia&parent=26065"}],"wp:term":[{"taxonomy":"category","embeddable":true,"href":"https:\/\/revistazetta.com\/index.php?rest_route=%2Fwp%2Fv2%2Fcategories&post=26065"},{"taxonomy":"post_tag","embeddable":true,"href":"https:\/\/revistazetta.com\/index.php?rest_route=%2Fwp%2Fv2%2Ftags&post=26065"}],"curies":[{"name":"wp","href":"https:\/\/api.w.org\/{rel}","templated":true}]}}