{"id":26067,"date":"2018-05-04T18:01:22","date_gmt":"2018-05-04T23:01:22","guid":{"rendered":"http:\/\/www.revistazetta.com\/?p=26067"},"modified":"2018-05-04T18:01:22","modified_gmt":"2018-05-04T23:01:22","slug":"anaya-munoz-quintana-se-van-betancourt","status":"publish","type":"post","link":"https:\/\/revistazetta.com\/?p=26067","title":{"rendered":"Anaya, Mu\u00f1oz y Quintana se van con Betancourt"},"content":{"rendered":"<p>Tres candidatos a la Alcald\u00eda declinaron aspirar y ahora impulsan el nombre de Andr\u00e9s Betancourt: C\u00e9sar Anaya, L\u00eda Mu\u00f1oz y Jorge Quintana.<\/p>\n<p>Conforman un bloque que pretende atajar las pretensiones del conservador Antonio Quinto Guerra Varela, y se\u00f1alaron que la ciudad no puede quedar en malas manos.<\/p>\n<p>El anuncio se cumpli\u00f3 en la sede de Andr\u00e9s Betancourt en Manga, a menos de 48 horas para la apertura de las urnas.<\/p>\n<p>Betancourt dijo que \u201cNos hemos Unidos los valiosos, en contra de los poderosos, dejando a un lado los intereses personales por la preocupaci\u00f3n y la responsabilidad por Cartagena y agreg\u00f3 que as\u00ed \u201cCrece respaldo popular contra maquinarias\u201d<\/p>\n","protected":false},"excerpt":{"rendered":"<p>Tres candidatos a la Alcald\u00eda declinaron aspirar y ahora impulsan el nombre de Andr\u00e9s Betancourt: C\u00e9sar Anaya, L\u00eda Mu\u00f1oz y Jorge Quintana. Conforman un bloque que pretende atajar las pretensiones del conservador Antonio Quinto Guerra Varela, y se\u00f1alaron que la ciudad no puede quedar en malas manos. El anuncio se cumpli\u00f3 en la sede de Andr\u00e9s Betancourt en Manga, a menos de 48 horas para la apertura de las urnas. Betancourt dijo que \u201cNos hemos Unidos los valiosos, en contra de los poderosos, dejando a un lado los intereses personales&#8230; <\/p>\n","protected":false},"author":3,"featured_media":26062,"comment_status":"open","ping_status":"closed","sticky":false,"template":"","format":"standard","meta":{"footnotes":"","_links_to":"","_links_to_target":""},"categories":[75,4],"tags":[],"class_list":["post-26067","post","type-post","status-publish","format-standard","has-post-thumbnail","hentry","category-destacada","category-politica"],"_links":{"self":[{"href":"https:\/\/revistazetta.com\/index.php?rest_route=\/wp\/v2\/posts\/26067","targetHints":{"allow":["GET"]}}],"collection":[{"href":"https:\/\/revistazetta.com\/index.php?rest_route=\/wp\/v2\/posts"}],"about":[{"href":"https:\/\/revistazetta.com\/index.php?rest_route=\/wp\/v2\/types\/post"}],"author":[{"embeddable":true,"href":"https:\/\/revistazetta.com\/index.php?rest_route=\/wp\/v2\/users\/3"}],"replies":[{"embeddable":true,"href":"https:\/\/revistazetta.com\/index.php?rest_route=%2Fwp%2Fv2%2Fcomments&post=26067"}],"version-history":[{"count":0,"href":"https:\/\/revistazetta.com\/index.php?rest_route=\/wp\/v2\/posts\/26067\/revisions"}],"wp:featuredmedia":[{"embeddable":true,"href":"https:\/\/revistazetta.com\/index.php?rest_route=\/wp\/v2\/media\/26062"}],"wp:attachment":[{"href":"https:\/\/revistazetta.com\/index.php?rest_route=%2Fwp%2Fv2%2Fmedia&parent=26067"}],"wp:term":[{"taxonomy":"category","embeddable":true,"href":"https:\/\/revistazetta.com\/index.php?rest_route=%2Fwp%2Fv2%2Fcategories&post=26067"},{"taxonomy":"post_tag","embeddable":true,"href":"https:\/\/revistazetta.com\/index.php?rest_route=%2Fwp%2Fv2%2Ftags&post=26067"}],"curies":[{"name":"wp","href":"https:\/\/api.w.org\/{rel}","templated":true}]}}