{"id":26068,"date":"2018-05-04T18:02:51","date_gmt":"2018-05-04T23:02:51","guid":{"rendered":"http:\/\/www.revistazetta.com\/?p=26068"},"modified":"2018-05-04T18:02:51","modified_gmt":"2018-05-04T23:02:51","slug":"se-esperaba-anaya-no-llego-al-final-pesar-vanas-promesas","status":"publish","type":"post","link":"https:\/\/revistazetta.com\/?p=26068","title":{"rendered":"Como se esperaba, Anaya no lleg\u00f3 al final a pesar de sus vanas promesas"},"content":{"rendered":"<p>Ya no decepciona sino que es una costumbre: C\u00e9sar Anaya aspira a la Alcald\u00eda siempre, y siempre se retira.<\/p>\n<p>Esta vez lo hizo a favor de Andr\u00e9s Betancourt como lo pudo haber hecho por Quinto Guerra o cualquier otro que puntee las encuestas, pues no se trata de ideolog\u00eda o programa sino conveniencia coyuntural.<\/p>\n<p>En ocasiones anteriores hab\u00eda prometido \u201cpor Dios\u201d ir hasta el final, y jur\u00f3 en vano: con Judith Pinedo, con Mar\u00eda del Socorro Bustamante, con Campo El\u00edas Ter\u00e1n y ahora con Andr\u00e9s Betancourt.<\/p>\n<p>La Adhesi\u00f3n no es completa pues muchos de sus l\u00edderes ya se hab\u00edan anticipado a su decisi\u00f3n y se fueron con Quinto Guerra.<\/p>\n","protected":false},"excerpt":{"rendered":"<p>Ya no decepciona sino que es una costumbre: C\u00e9sar Anaya aspira a la Alcald\u00eda siempre, y siempre se retira. Esta vez lo hizo a favor de Andr\u00e9s Betancourt como lo pudo haber hecho por Quinto Guerra o cualquier otro que puntee las encuestas, pues no se trata de ideolog\u00eda o programa sino conveniencia coyuntural. En ocasiones anteriores hab\u00eda prometido \u201cpor Dios\u201d ir hasta el final, y jur\u00f3 en vano: con Judith Pinedo, con Mar\u00eda del Socorro Bustamante, con Campo El\u00edas Ter\u00e1n y ahora con Andr\u00e9s Betancourt. La Adhesi\u00f3n no es&#8230; <\/p>\n","protected":false},"author":3,"featured_media":26063,"comment_status":"open","ping_status":"closed","sticky":false,"template":"","format":"standard","meta":{"footnotes":"","_links_to":"","_links_to_target":""},"categories":[75,4],"tags":[],"class_list":["post-26068","post","type-post","status-publish","format-standard","has-post-thumbnail","hentry","category-destacada","category-politica"],"_links":{"self":[{"href":"https:\/\/revistazetta.com\/index.php?rest_route=\/wp\/v2\/posts\/26068","targetHints":{"allow":["GET"]}}],"collection":[{"href":"https:\/\/revistazetta.com\/index.php?rest_route=\/wp\/v2\/posts"}],"about":[{"href":"https:\/\/revistazetta.com\/index.php?rest_route=\/wp\/v2\/types\/post"}],"author":[{"embeddable":true,"href":"https:\/\/revistazetta.com\/index.php?rest_route=\/wp\/v2\/users\/3"}],"replies":[{"embeddable":true,"href":"https:\/\/revistazetta.com\/index.php?rest_route=%2Fwp%2Fv2%2Fcomments&post=26068"}],"version-history":[{"count":0,"href":"https:\/\/revistazetta.com\/index.php?rest_route=\/wp\/v2\/posts\/26068\/revisions"}],"wp:featuredmedia":[{"embeddable":true,"href":"https:\/\/revistazetta.com\/index.php?rest_route=\/wp\/v2\/media\/26063"}],"wp:attachment":[{"href":"https:\/\/revistazetta.com\/index.php?rest_route=%2Fwp%2Fv2%2Fmedia&parent=26068"}],"wp:term":[{"taxonomy":"category","embeddable":true,"href":"https:\/\/revistazetta.com\/index.php?rest_route=%2Fwp%2Fv2%2Fcategories&post=26068"},{"taxonomy":"post_tag","embeddable":true,"href":"https:\/\/revistazetta.com\/index.php?rest_route=%2Fwp%2Fv2%2Ftags&post=26068"}],"curies":[{"name":"wp","href":"https:\/\/api.w.org\/{rel}","templated":true}]}}