{"id":26070,"date":"2018-05-05T07:28:51","date_gmt":"2018-05-05T12:28:51","guid":{"rendered":"http:\/\/www.revistazetta.com\/?p=26070"},"modified":"2018-05-05T07:42:58","modified_gmt":"2018-05-05T12:42:58","slug":"no-tanto-llamar-la-muerte-opinion-cesar-pion-gonzalez","status":"publish","type":"post","link":"https:\/\/revistazetta.com\/?p=26070","title":{"rendered":"No es tanto llamar la muerte&#8230; &#8211; Opini\u00f3n de C\u00e9sar Pi\u00f3n Gonz\u00e1lez"},"content":{"rendered":"<p><span style=\"color: #000080;\"><strong>Por C\u00e9sar Pi\u00f3n Gonz\u00e1lez (Concejal de Cartagena).- (Especial para Revista Zetta).-<\/strong><\/span> Las pol\u00edticas p\u00fablicas surgen de la necesidad que tienen las ciudades y de la visi\u00f3n de los gobernantes, pero la puesta en pr\u00e1ctica depende de una matr\u00edz, de una estructura org\u00e1nica del distrito, de los funcionarios, de la norma, de la \u00a0unificaci\u00f3n de sus actuaciones y de la voluntad humana y pol\u00edtica de una sociedad.<\/p>\n<p>Despu\u00e9s de leer en El Universal las respuestas dadas por los candidatos a la Alcald\u00eda de Cartagena donde se\u00f1alan las acciones previstas para el pr\u00f3ximo a\u00f1o y medio de gobierno, les sugiero con respeto que el \u00e9xito de muchos deseos est\u00e1 en la reingenier\u00eda administrativa de la ciudad.<\/p>\n<p>Estimado aspirante, nos hemos ido acostumbrando a planificar solo con el deseo y no con la realidad, y lo que has querido y deseado en buen t\u00e9rmino no lo puedes aplicar porque la norma, el tiempo, la autorizaci\u00f3n, o las finanzas no lo permiten. Por ejemplo, el espacio p\u00fablico no puede seguir como una colcha de decisiones; planeaci\u00f3n, control urbano, espacio p\u00fablico, alcald\u00edas locales, IPCC e inspectores de polic\u00eda.<\/p>\n<p>Podr\u00edamos pensar en fusionar turismo y cultura y crear una secretar\u00eda que permita la unificaci\u00f3n de las pol\u00edticas acorde a lo que somos, con capacidad sancionatoria y propia de una ciudad patrimonio hist\u00f3rico y cultural de la humanidad. Hay que independizar las fiestas novembrinas que absorben los recursos para el apoyo de la cultura y el folclor, fiestas que son manejadas en el pa\u00eds por la empresa privada, y devolverle a planeaci\u00f3n el manejo del control del patrimonio en el centro hist\u00f3rico; las alcald\u00edas locales deben ser centros verdaderos de descentralizaci\u00f3n, organizaci\u00f3n y mando. Valorizaci\u00f3n distrital tendr\u00eda que omitir el paralelismo de contrataci\u00f3n para la inversi\u00f3n que debe ser de infraestructura y trabajar lo propio de su objeto \u201cvalorizaci\u00f3n\u201d. Otra de nuestras sugerencias es que la escuela de gobierno pase a manos de la secretar\u00eda de educaci\u00f3n, transporte y tr\u00e1nsito convertirla en secretar\u00eda de movilidad y crear dentro de infraestructura la gran dependencia que vigile e inspeccione 365 d\u00edas el\u00a0 mantenimiento de escenarios deportivos, escuelas, puestos de salud y obras de la ciudad. Hay que darle dientes al rubro, toda obra construida debe pasar al banco de inmuebles amparados por una dependencia o firma que responda por el mantenimiento, pues gran parte de las p\u00e9rdidas econ\u00f3micas de la administraci\u00f3n est\u00e1 en el deterioro de las edificaciones p\u00fablicas.<\/p>\n<p>Cuando organices la hacienda p\u00fablica con la nueva oficina catastral, la vigilancia del impuesto de lineamientos urbanos, control sobre sobretasa de la gasolina, control a vallas, avisos y tableros y no permitas en la oficina asesora jur\u00eddica que los procesos por malas o ninguna respuesta sean la bolsa de millonarias indemnizaciones, entonces s\u00ed. Cuando hayas protegido lo que vas a manejar, entonces s\u00ed compila y deja proyectadas las obras para que el alcalde de 2020 pueda iniciar lo que has dejado hasta el 2033. Recuerda aquel adagio que dec\u00eda \u201cno es tanto llamar la muerte sino verla venir\u201d. No es m\u00e1s grande quien hace mayor n\u00famero de propuestas sino aquel que deja las condiciones de viabilidad para una mejor Cartagena.<\/p>\n","protected":false},"excerpt":{"rendered":"<p>Por C\u00e9sar Pi\u00f3n Gonz\u00e1lez (Concejal de Cartagena).- (Especial para Revista Zetta).- Las pol\u00edticas p\u00fablicas surgen de la necesidad que tienen las ciudades y de la visi\u00f3n de los gobernantes, pero la puesta en pr\u00e1ctica depende de una matr\u00edz, de una estructura org\u00e1nica del distrito, de los funcionarios, de la norma, de la \u00a0unificaci\u00f3n de sus actuaciones y de la voluntad humana y pol\u00edtica de una sociedad. Despu\u00e9s de leer en El Universal las respuestas dadas por los candidatos a la Alcald\u00eda de Cartagena donde se\u00f1alan las acciones previstas para el&#8230; <\/p>\n","protected":false},"author":3,"featured_media":26074,"comment_status":"open","ping_status":"closed","sticky":false,"template":"","format":"standard","meta":{"footnotes":"","_links_to":"","_links_to_target":""},"categories":[75,44,65],"tags":[],"class_list":["post-26070","post","type-post","status-publish","format-standard","has-post-thumbnail","hentry","category-destacada","category-materiagris","category-opinion"],"_links":{"self":[{"href":"https:\/\/revistazetta.com\/index.php?rest_route=\/wp\/v2\/posts\/26070","targetHints":{"allow":["GET"]}}],"collection":[{"href":"https:\/\/revistazetta.com\/index.php?rest_route=\/wp\/v2\/posts"}],"about":[{"href":"https:\/\/revistazetta.com\/index.php?rest_route=\/wp\/v2\/types\/post"}],"author":[{"embeddable":true,"href":"https:\/\/revistazetta.com\/index.php?rest_route=\/wp\/v2\/users\/3"}],"replies":[{"embeddable":true,"href":"https:\/\/revistazetta.com\/index.php?rest_route=%2Fwp%2Fv2%2Fcomments&post=26070"}],"version-history":[{"count":0,"href":"https:\/\/revistazetta.com\/index.php?rest_route=\/wp\/v2\/posts\/26070\/revisions"}],"wp:featuredmedia":[{"embeddable":true,"href":"https:\/\/revistazetta.com\/index.php?rest_route=\/wp\/v2\/media\/26074"}],"wp:attachment":[{"href":"https:\/\/revistazetta.com\/index.php?rest_route=%2Fwp%2Fv2%2Fmedia&parent=26070"}],"wp:term":[{"taxonomy":"category","embeddable":true,"href":"https:\/\/revistazetta.com\/index.php?rest_route=%2Fwp%2Fv2%2Fcategories&post=26070"},{"taxonomy":"post_tag","embeddable":true,"href":"https:\/\/revistazetta.com\/index.php?rest_route=%2Fwp%2Fv2%2Ftags&post=26070"}],"curies":[{"name":"wp","href":"https:\/\/api.w.org\/{rel}","templated":true}]}}