{"id":26077,"date":"2018-05-05T08:11:15","date_gmt":"2018-05-05T13:11:15","guid":{"rendered":"http:\/\/www.revistazetta.com\/?p=26077"},"modified":"2018-05-05T08:11:15","modified_gmt":"2018-05-05T13:11:15","slug":"la-reforma-educativa-urgente-pais-duque","status":"publish","type":"post","link":"https:\/\/revistazetta.com\/?p=26077","title":{"rendered":"La reforma educativa es urgente en el pa\u00eds: Duque"},"content":{"rendered":"<p>La implementaci\u00f3n de una reforma educativa desde la base hasta el nivel universitario, present\u00f3 el candidato a la presidencia Iv\u00e1n Duque este viernes durante el Foro Acad\u00e9mico Corporaci\u00f3n Unificada Nacional de Educaci\u00f3n Superior (CUN).<\/p>\n<p>El candidato se\u00f1al\u00f3 que lo primero que hay que hacer es cerrar la brecha entre los ni\u00f1os de familia de alto ingresos y de bajos ingresos.<\/p>\n<p>\u201cSi queremos hacer la reforma educativa de fondo empecemos desde edad temprana: nutrici\u00f3n, sin que los pol\u00edticos metan la mano en la contrataci\u00f3n\u201d, explic\u00f3.<\/p>\n<p>Posteriormente, plante\u00f3 la construcci\u00f3n de mil preescolares en los pr\u00f3ximos cuatro a\u00f1os para la poblaci\u00f3n vulnerable. Adicionalmente, dijo que es necesaria la jornada \u00fanica con doble alimentaci\u00f3n.<\/p>\n<p>En cuanto a la formaci\u00f3n media, explic\u00f3 su programa del bachillerato t\u00e9cnico de formaci\u00f3n para el empleo para que \u201ccuando se grad\u00fae un bachiller en una mano tenga el t\u00edtulo de bachiller y en la otra el t\u00edtulo de t\u00e9cnico\u201d.<\/p>\n<p>En el nivel superior dijo que impulsar\u00e1 \u201cla educaci\u00f3n universitaria gratuita para los j\u00f3venes de los estratos 1 y 2. Hay que ampliar los cupos all\u00ed, as\u00ed como mayores facilidades de financiamiento para los muchachos de estratos 3 y 4\u201d.<\/p>\n<p>Para generar el primer empleo de los j\u00f3venes reci\u00e9n graduados, \u201cpropusimos una ley donde se puedan contratar a los j\u00f3venes en la universidad como practicantes, se les paga a trav\u00e9s de un bono, y las empresas pueden descontar hasta el 100% de lo que pagaron en bonos, siempre y cuando la n\u00f3mina no llegue al 25 por ciento\u201d.<br \/>\nEn relaci\u00f3n a la formaci\u00f3n t\u00e9cnica, dijo que esta deber\u00eda ser universal a trav\u00e9s del SENA.<\/p>\n<p>\u201cEl SENA se tiene que fortalecer y trabajar al mismo tiempo con otros proveedores de educaci\u00f3n para el empleo, donde podamos tener centros de formaci\u00f3n focalizado seg\u00fan la vocaci\u00f3n de las regiones\u201d, concluy\u00f3.<\/p>\n","protected":false},"excerpt":{"rendered":"<p>La implementaci\u00f3n de una reforma educativa desde la base hasta el nivel universitario, present\u00f3 el candidato a la presidencia Iv\u00e1n Duque este viernes durante el Foro Acad\u00e9mico Corporaci\u00f3n Unificada Nacional de Educaci\u00f3n Superior (CUN). El candidato se\u00f1al\u00f3 que lo primero que hay que hacer es cerrar la brecha entre los ni\u00f1os de familia de alto ingresos y de bajos ingresos. \u201cSi queremos hacer la reforma educativa de fondo empecemos desde edad temprana: nutrici\u00f3n, sin que los pol\u00edticos metan la mano en la contrataci\u00f3n\u201d, explic\u00f3. Posteriormente, plante\u00f3 la construcci\u00f3n de mil&#8230; <\/p>\n","protected":false},"author":3,"featured_media":0,"comment_status":"open","ping_status":"closed","sticky":false,"template":"","format":"standard","meta":{"footnotes":"","_links_to":"","_links_to_target":""},"categories":[2],"tags":[],"class_list":["post-26077","post","type-post","status-publish","format-standard","hentry","category-actualidad"],"_links":{"self":[{"href":"https:\/\/revistazetta.com\/index.php?rest_route=\/wp\/v2\/posts\/26077","targetHints":{"allow":["GET"]}}],"collection":[{"href":"https:\/\/revistazetta.com\/index.php?rest_route=\/wp\/v2\/posts"}],"about":[{"href":"https:\/\/revistazetta.com\/index.php?rest_route=\/wp\/v2\/types\/post"}],"author":[{"embeddable":true,"href":"https:\/\/revistazetta.com\/index.php?rest_route=\/wp\/v2\/users\/3"}],"replies":[{"embeddable":true,"href":"https:\/\/revistazetta.com\/index.php?rest_route=%2Fwp%2Fv2%2Fcomments&post=26077"}],"version-history":[{"count":0,"href":"https:\/\/revistazetta.com\/index.php?rest_route=\/wp\/v2\/posts\/26077\/revisions"}],"wp:attachment":[{"href":"https:\/\/revistazetta.com\/index.php?rest_route=%2Fwp%2Fv2%2Fmedia&parent=26077"}],"wp:term":[{"taxonomy":"category","embeddable":true,"href":"https:\/\/revistazetta.com\/index.php?rest_route=%2Fwp%2Fv2%2Fcategories&post=26077"},{"taxonomy":"post_tag","embeddable":true,"href":"https:\/\/revistazetta.com\/index.php?rest_route=%2Fwp%2Fv2%2Ftags&post=26077"}],"curies":[{"name":"wp","href":"https:\/\/api.w.org\/{rel}","templated":true}]}}