{"id":26080,"date":"2018-05-05T08:34:30","date_gmt":"2018-05-05T13:34:30","guid":{"rendered":"http:\/\/www.revistazetta.com\/?p=26080"},"modified":"2018-05-05T08:34:30","modified_gmt":"2018-05-05T13:34:30","slug":"traves-una-carta-alcalde-sergio-londono-agradece-la-ciudadania","status":"publish","type":"post","link":"https:\/\/revistazetta.com\/?p=26080","title":{"rendered":"A trav\u00e9s de una carta, alcalde Sergio Londo\u00f1o agradece a la ciudadan\u00eda"},"content":{"rendered":"<blockquote><p><strong><em>\u201cGobernar en las crisis no requiere medidas populares, sino decisiones responsables pensando en las pr\u00f3ximas generaciones y no en las siguientes elecciones\u201d, afirma.<\/em><\/strong><\/p><\/blockquote>\n<p>En una emotiva carta que invita a los cartageneros a querer a la ciudad y a reflexionar para buscar entre todos \u00a0una salida, porque primero debemos superar nuestras angustias individuales para despu\u00e9s poder avanzar como sociedad, el alcalde Sergio Londo\u00f1o Zurek se despide de la ciudad.<\/p>\n<p>Este es el mensaje\u00a0 con el que el alcalde Sergio Londo\u00f1o se despide de su encargo, luego de m\u00e1s de 255 d\u00edas de ejercicio y m\u00e1s de 100 razones de esperanza a continuaci\u00f3n:<\/p>\n<p style=\"text-align: center;\"><span style=\"color: #003366;\"><em><strong>CARTA ABIERTA A MI CIUDAD<\/strong><\/em><\/span><\/p>\n<p><span style=\"color: #003366;\"><em>Cartagena:<\/em><\/span><\/p>\n<p><span style=\"color: #003366;\"><em>\u00a0\u00a0\u00a0\u00a0\u00a0\u00a0\u00a0\u00a0\u00a0\u00a0\u00a0 Gracias. Desde hace 32 a\u00f1os te he querido. Desde hace 32 a\u00f1os he so\u00f1ado contigo, con tus atardeceres y con tu historia. Toda t\u00fa eres mi m\u00e1s preciado recuerdo, en ti se conjuga todo lo que amo y lo que soy. Eres mi casa y mi paz, tu bandera es el manto que me cubre y mi mayor anhelo siempre ha sido verte grande, verte fuerte, sentirte triunfante.<\/em><\/span><\/p>\n<p><span style=\"color: #003366;\"><em>Promet\u00ed trabajar para ti toda la vida. Dios me dio la oportunidad de hacerlo como Alcalde mucho antes de lo que jam\u00e1s habr\u00eda pensado. En tu momento m\u00e1s oscuro aterric\u00e9 en la Aduana con la \u00fanica intenci\u00f3n de protegerte. Te hab\u00edan mancillado, tu nombre vilipendiado y tu esp\u00edritu arrebatado, a tus hijos se les agotaba la esperanza, los sue\u00f1os, las ideas. La dama grande de las Am\u00e9ricas se escond\u00eda en vez de mostrarse, se vest\u00eda de dolor y de angustia.<\/em><\/span><\/p>\n<p><span style=\"color: #003366;\"><em>Llegu\u00e9 a ti con el alma contenta, feliz de poderte ayudar. Llegu\u00e9 con lo \u00fanico que tengo, mi coraz\u00f3n y mis ideas, con la pasi\u00f3n y las ganas de trabajar para ti y por ti. Ning\u00fan inter\u00e9s particular tengo en tus arcas, no me sobra el dinero, pero jam\u00e1s querr\u00e9 aquel que no se consiga de manera honesta. Han abusado de ti d\u00eda tras d\u00eda, han malgastado tu tesoro y han sido irresponsables con tu futuro. No quer\u00eda que el d\u00eda de ma\u00f1ana me reprocharas las decisiones que tom\u00e9, por eso ninguna de ellas ha pensado en el costo pol\u00edtico o en el golpe a mi imagen personal. Gobernar en las crisis no requiere de medidas populares, sino de decisiones responsables pensando en las pr\u00f3ximas generaciones y no en las siguientes elecciones.<\/em><\/span><\/p>\n<p><span style=\"color: #003366;\"><em>Cuando llegu\u00e9 a ti era como un bombero sin los elementos con los que apagar el fuego, pero as\u00ed fuese con baldes de agua me propuse apagarlo. Dios sabe cu\u00e1ntos incendios heredamos. Una ciudad que se ca\u00eda a pedazos. Una ciudad donde yo he sido el alcalde 8, 10, 11 y 12 en 5 a\u00f1os. Una ciudad donde sus gentes pelean m\u00e1s por cual escudo usar que por la sostenibilidad de sus presupuestos o la renovaci\u00f3n de sus estructuras pol\u00edticas y una pol\u00edtica que privilegia las cuotas burocr\u00e1ticas sobre la renovaci\u00f3n administrativa total.<\/em><\/span><\/p>\n<p><span style=\"color: #003366;\"><em>Dir\u00e1s de pronto que mucho hace falta y te dar\u00e9 la raz\u00f3n. Meses para cambiar lo que ha estado podrido por a\u00f1os es una haza\u00f1a imposible. Y no imposible, porque humanamente no se puede hacer, sino porque no es una tarea de una sola persona, sino de todos. Primero debemos superar nuestras angustias individuales para despu\u00e9s poder avanzar como sociedad.<\/em><\/span><\/p>\n<p><span style=\"color: #003366;\"><em>Sin embargo, esas angustias del d\u00eda a d\u00eda no se superan sino con esperanza. La ciudad de la esperanza es eso, es una construcci\u00f3n colectiva donde se recupere el sentido de quienes somos y hacia d\u00f3nde vamos. La ciudad de la esperanza viene necesariamente de la desesperanza; pero esa no la cree yo, esa es la herencia maldita de quienes en el pasado han abusado de ti, han roto tus labios, han quebrantado tu esp\u00edritu.\u00a0<\/em><\/span><\/p>\n<p><span style=\"color: #003366;\"><em>S\u00e9 que hoy te embriaga la fiesta electoral y digo fiesta no como momento alegre, sino como un espejismo en medio de la desolaci\u00f3n. Fiesta porque como los eventos de los eg\u00f3latras no pasan de unas horas embriagantes de alegr\u00eda para despu\u00e9s dejarte como siempre has estado \u2013 sola y so\u00f1ando con la ambros\u00eda de tiempos pasados -. Piensa bien en lo que viene, dile a tus hijos candidatos que asuman el compromiso de amarte por encima de ellos mismos.<\/em><\/span><\/p>\n<p><span style=\"color: #003366;\"><em>En los 255 d\u00edas que te serv\u00ed siempre renov\u00e9 mi vocaci\u00f3n de seguirte sirviendo. No te miento, ha sido el ejercicio m\u00e1s dif\u00edcil de mi vida. No por ti, sino por las decisiones que he tenido que tomar para verte sonre\u00edr, por algunos de tus hijos que prefieren sus bolsillos antes que el bien com\u00fan. Esos mismos que cuando hemos tratado de hacer bien las cosas han preferido montar estrategias de desprestigio que afrontar sus deudas solidariamente.<\/em><\/span><\/p>\n<p><span style=\"color: #003366;\"><em>Pero no son solo tus hijos, sino tambi\u00e9n esos que se han acostumbrado a que seas sumisa y no resisten que se les enfrente o se les gane peleas. Porque para salir a decir que te defienden son los primeros en vestirse de h\u00e9roes, pero as\u00ed mismo no les tiembla la mano para atacar tus instituciones y mancillarte cuando no te rindes o te paras firme en la raya. No quieren verte recuperando tu condici\u00f3n de joya de las indias, porque no les conviene que tu sol caribe\u00f1o brille. Lo que jam\u00e1s se puede permitir es que tu fascinaci\u00f3n por lo extranjero se convierta en tu tal\u00f3n de Aquiles. Que el af\u00e1n de ver por encima de las murallas no te merezca un ca\u00f1onazo directo al coraz\u00f3n.<\/em><\/span><\/p>\n<p><span style=\"color: #003366;\"><em>Dec\u00edan tus grandes que quer\u00edan ver \u00e1guilas caudales. Quiero que seas la madre de nobles generaciones, pero \u00bfc\u00f3mo hacerlo cuando 55.000 de tus hijos viven en la pobreza extrema? Por ellos debemos construir la ciudad de la esperanza, porque sin esperanza no podremos atraer las empresas, las inversiones, la generaci\u00f3n de empleo, el turismo, en fin, los impuestos que necesitan para salir adelante. Porque una sociedad solo es tan rica como el m\u00e1s pobre que tiene al lado y porque de nada sirven los privilegios de pocos sino se convierten en oportunidades para todos.<\/em><\/span><\/p>\n<p><span style=\"color: #003366;\"><em>Tus medios, tan esenciales en tu democracia, no pueden ser portavoces de mentiras. Porque las mentiras son como los cuervos, al final se comer\u00e1n tus ojos. Hay que aprender a deponer las diferencias para que la verdad salga a la luz. No es que gane o pierda el Alcalde, derrotarlo o no con un titular, es hacer que la verdad sirva para construir y no para hacer trizas lo que queda. Porque cuando caemos en el canibalismo social perdemos todos. \u00bfO no hemos ca\u00eddo en ese espiral desde la independencia? All\u00ed tus contrincantes han encontrado un placer profundo porque al cantar las derrotas, la golpeada eres t\u00fa, la vilipendiada eres t\u00fa, y los que cargar\u00e1n esa cruz ser\u00e1n para siempre tus hijos.<\/em><\/span><\/p>\n<p><span style=\"color: #003366;\"><em>Puedo decir que caminando tus calles soy feliz y que hablando con tu gente me lleno de esperanza. Hacer obras en tus barrios, colorearte con el pantone de tus artistas, iluminarte con la fuerza del trabajo y mostrarte ante el mundo como la bella mulata que eres me llena de profunda alegr\u00eda. \u00bfQu\u00e9 puedo decir m\u00e1s que te amo? \u00bfQu\u00e9 m\u00e1s puedo hacer sino trabajar por ti?<\/em><\/span><\/p>\n<p><span style=\"color: #003366;\"><em>No te digo que me ames, perm\u00edteme seguir trabajando para ti d\u00eda y noche. Seguir\u00e9 con el alma intacta, porque soy hijo de la Heroica y esta ciudad no se rinde. Demasiadas victorias conseguiste cuando tus hijos a\u00fan daban la vida por ti. Demostremos que Morillo no nos quit\u00f3 las ganas de luchar. Como el Santo Padre nos dijo a su paso por tus calles: no se dejen quitar la esperanza.<\/em><\/span><\/p>\n<p><span style=\"color: #003366;\"><em>Me voy con el alma tranquila porque logramos llevarle alegr\u00eda a la perimetral, conectar a los ni\u00f1os de Boston, dejarle a la ciudad su Y de Olaya, al Poz\u00f3n su calle de la cuchara y a la Boquilla su carrera s\u00e9ptima, pavimentar los sue\u00f1os de quienes est\u00e1n viendo esas obras nuevas, integrar a la administraci\u00f3n talentos j\u00f3venes sin macula, fomentar corredores verdes de arte urbano, y tomando las decisiones que necesitas para ser grande.<\/em><\/span><\/p>\n<p><span style=\"color: #003366;\"><em>Me voy con la satisfacci\u00f3n del deber cumplido.<\/em><\/span><\/p>\n<p><span style=\"color: #003366;\"><em>Nuevamente gracias,<\/em><\/span><\/p>\n<p><strong><span style=\"color: #003366;\"><em>Sergio Alfonso Londo\u00f1o Zurek<\/em><\/span><\/strong><\/p>\n","protected":false},"excerpt":{"rendered":"<p>\u201cGobernar en las crisis no requiere medidas populares, sino decisiones responsables pensando en las pr\u00f3ximas generaciones y no en las siguientes elecciones\u201d, afirma. En una emotiva carta que invita a los cartageneros a querer a la ciudad y a reflexionar para buscar entre todos \u00a0una salida, porque primero debemos superar nuestras angustias individuales para despu\u00e9s poder avanzar como sociedad, el alcalde Sergio Londo\u00f1o Zurek se despide de la ciudad. Este es el mensaje\u00a0 con el que el alcalde Sergio Londo\u00f1o se despide de su encargo, luego de m\u00e1s de 255&#8230; <\/p>\n","protected":false},"author":3,"featured_media":26081,"comment_status":"open","ping_status":"closed","sticky":false,"template":"","format":"standard","meta":{"footnotes":"","_links_to":"","_links_to_target":""},"categories":[75,32],"tags":[],"class_list":["post-26080","post","type-post","status-publish","format-standard","has-post-thumbnail","hentry","category-destacada","category-actualidad-distrito"],"_links":{"self":[{"href":"https:\/\/revistazetta.com\/index.php?rest_route=\/wp\/v2\/posts\/26080","targetHints":{"allow":["GET"]}}],"collection":[{"href":"https:\/\/revistazetta.com\/index.php?rest_route=\/wp\/v2\/posts"}],"about":[{"href":"https:\/\/revistazetta.com\/index.php?rest_route=\/wp\/v2\/types\/post"}],"author":[{"embeddable":true,"href":"https:\/\/revistazetta.com\/index.php?rest_route=\/wp\/v2\/users\/3"}],"replies":[{"embeddable":true,"href":"https:\/\/revistazetta.com\/index.php?rest_route=%2Fwp%2Fv2%2Fcomments&post=26080"}],"version-history":[{"count":0,"href":"https:\/\/revistazetta.com\/index.php?rest_route=\/wp\/v2\/posts\/26080\/revisions"}],"wp:featuredmedia":[{"embeddable":true,"href":"https:\/\/revistazetta.com\/index.php?rest_route=\/wp\/v2\/media\/26081"}],"wp:attachment":[{"href":"https:\/\/revistazetta.com\/index.php?rest_route=%2Fwp%2Fv2%2Fmedia&parent=26080"}],"wp:term":[{"taxonomy":"category","embeddable":true,"href":"https:\/\/revistazetta.com\/index.php?rest_route=%2Fwp%2Fv2%2Fcategories&post=26080"},{"taxonomy":"post_tag","embeddable":true,"href":"https:\/\/revistazetta.com\/index.php?rest_route=%2Fwp%2Fv2%2Ftags&post=26080"}],"curies":[{"name":"wp","href":"https:\/\/api.w.org\/{rel}","templated":true}]}}