{"id":26099,"date":"2018-05-07T11:23:15","date_gmt":"2018-05-07T16:23:15","guid":{"rendered":"http:\/\/www.revistazetta.com\/?p=26099"},"modified":"2018-05-07T11:23:15","modified_gmt":"2018-05-07T16:23:15","slug":"candidatos-foros-cafeterias-analisis-john-zamora","status":"publish","type":"post","link":"https:\/\/revistazetta.com\/?p=26099","title":{"rendered":"Candidatos de foros y cafeter\u00edas &#8211; An\u00e1lisis de John Zamora"},"content":{"rendered":"<p>Esta elecci\u00f3n at\u00edpica permiti\u00f3 consolidar una nueva tipolog\u00eda de candidatos: los que se inscriben oficialmente y desarrollan sus campa\u00f1as en foros y cafeter\u00edas.<\/p>\n<p>No se sabe realmente qu\u00e9 buscan, si sofocar una inaplazable necesidad sicol\u00f3gica de figurar; si salir del anonimato para orear sus nombres y dar la cuota inicial de un mejor futuro pol\u00edtico; si cotizarse para negociar; si sacar a pasear el carro de un partido pol\u00edtico de garaje, o si hacerle un mandado a otra candidatura; no se sabe.<\/p>\n<p>Son candidatos que tienen clara su agenda: asistir a cuanto foro les inviten y el resto del tiempo, importunar una cafeter\u00eda de centro comercial.<\/p>\n<p>Si les pregunt\u00e1ramos a la C\u00e1mara de Comercio o Fenalco si volver\u00edan a invitar a alguno de estos candidatos a disertar de nuevo, no en un evento de coyuntura electoral, sino como conferencista de talante acad\u00e9mico, de seguro dir\u00edan que jam\u00e1s.<\/p>\n<p>Otra de las causas de la abstenci\u00f3n bien puede buscarse en este segmento: para qu\u00e9 votar si los candidatos son de tan escasa estatura pol\u00edtica\u2026<\/p>\n<p>&nbsp;<\/p>\n","protected":false},"excerpt":{"rendered":"<p>Esta elecci\u00f3n at\u00edpica permiti\u00f3 consolidar una nueva tipolog\u00eda de candidatos: los que se inscriben oficialmente y desarrollan sus campa\u00f1as en foros y cafeter\u00edas. No se sabe realmente qu\u00e9 buscan, si sofocar una inaplazable necesidad sicol\u00f3gica de figurar; si salir del anonimato para orear sus nombres y dar la cuota inicial de un mejor futuro pol\u00edtico; si cotizarse para negociar; si sacar a pasear el carro de un partido pol\u00edtico de garaje, o si hacerle un mandado a otra candidatura; no se sabe. Son candidatos que tienen clara su agenda: asistir&#8230; <\/p>\n","protected":false},"author":3,"featured_media":26093,"comment_status":"open","ping_status":"closed","sticky":false,"template":"","format":"standard","meta":{"footnotes":"","_links_to":"","_links_to_target":""},"categories":[75,66,44],"tags":[],"class_list":["post-26099","post","type-post","status-publish","format-standard","has-post-thumbnail","hentry","category-destacada","category-analisis","category-materiagris"],"_links":{"self":[{"href":"https:\/\/revistazetta.com\/index.php?rest_route=\/wp\/v2\/posts\/26099","targetHints":{"allow":["GET"]}}],"collection":[{"href":"https:\/\/revistazetta.com\/index.php?rest_route=\/wp\/v2\/posts"}],"about":[{"href":"https:\/\/revistazetta.com\/index.php?rest_route=\/wp\/v2\/types\/post"}],"author":[{"embeddable":true,"href":"https:\/\/revistazetta.com\/index.php?rest_route=\/wp\/v2\/users\/3"}],"replies":[{"embeddable":true,"href":"https:\/\/revistazetta.com\/index.php?rest_route=%2Fwp%2Fv2%2Fcomments&post=26099"}],"version-history":[{"count":0,"href":"https:\/\/revistazetta.com\/index.php?rest_route=\/wp\/v2\/posts\/26099\/revisions"}],"wp:featuredmedia":[{"embeddable":true,"href":"https:\/\/revistazetta.com\/index.php?rest_route=\/wp\/v2\/media\/26093"}],"wp:attachment":[{"href":"https:\/\/revistazetta.com\/index.php?rest_route=%2Fwp%2Fv2%2Fmedia&parent=26099"}],"wp:term":[{"taxonomy":"category","embeddable":true,"href":"https:\/\/revistazetta.com\/index.php?rest_route=%2Fwp%2Fv2%2Fcategories&post=26099"},{"taxonomy":"post_tag","embeddable":true,"href":"https:\/\/revistazetta.com\/index.php?rest_route=%2Fwp%2Fv2%2Ftags&post=26099"}],"curies":[{"name":"wp","href":"https:\/\/api.w.org\/{rel}","templated":true}]}}