{"id":26100,"date":"2018-05-07T11:25:49","date_gmt":"2018-05-07T16:25:49","guid":{"rendered":"http:\/\/www.revistazetta.com\/?p=26100"},"modified":"2018-05-07T11:25:49","modified_gmt":"2018-05-07T16:25:49","slug":"munera-cordoba-bustillo-analisis-john-zamora","status":"publish","type":"post","link":"https:\/\/revistazetta.com\/?p=26100","title":{"rendered":"M\u00fanera, C\u00f3rdoba y Bustillo &#8211; An\u00e1lisis de John Zamora"},"content":{"rendered":"<p>David M\u00fanera Cavad\u00eda es un pol\u00edtico respetado porque tiene ideas y es consecuente con ellas.<\/p>\n<p>Agradeci\u00f3 a sus m\u00e1s de 12 mil votantes por apostarle al cambio y la transformaci\u00f3n de la ciudad, y sin pelos en la lengua, como es un car\u00e1cter, dijo que \u201ccon Quinto Guerra volvimos a perder\u201d; \u201cvolvieron a ganar los financistas, las mismas casas tradicionales y el partido de los contratistas\u201d; \u201cno tengo que necesitar una bola de cristal para saber que la ciudad seguir\u00e1 empeorando su situaci\u00f3n econ\u00f3mica, social y pol\u00edtica\u201d.<\/p>\n<p>\u00bfPor qu\u00e9 no gana? Porque es un candidato del siglo XX, es decir, tiene discurso pero no est\u00e1 sintonizado con los nuevos tiempos; porque es muy bueno con el diagn\u00f3stico, pero no brinda confianza como ejecutor, pues nunca lo ha sido, unido a que es de un partido de comprobados malos gobiernos en otras ciudades, como Bogot\u00e1; porque tiene una organizaci\u00f3n pol\u00edtica peque\u00f1a y estable, pero incapaz de crecer en Cartagena; porque genera temores en un establecimiento que prefiere votar por otros; porque le faltan recursos financieros, entre otras razones.<\/p>\n<p>El \u201cprim\u00edparo\u201d Armando C\u00f3rdoba fue el caballo de Troya del petrismo, que se camufl\u00f3 en el partido Verde y logr\u00f3 la postulaci\u00f3n por encima de figuras locales avaladas por Fajardo, Claudia L\u00f3pez o Sanguino; sac\u00f3 la mitad de los votos que M\u00fanera, resultados que lo invitan a estudiar m\u00e1s para elevar el nivel de su ling\u00fc\u00edstico discurso. Para \u00e9l resultar\u00e1 muy satisfactorio haber superado por casi dos mil votos a Javier Bustillo.<\/p>\n<p>A prop\u00f3sito, para C\u00f3rdoba puede que sea una cuota inicial, pero para Bustillo bien puede ser el cierre de una dilatada carrera pol\u00edtica, deficitaria en l\u00famenes, ya que con los 4.731 votos no le alcanzar\u00e1 siquiera para aspirar de nuevo al Concejo, pues esa cifra no se traslada sino decrece cuando se cambia de objetivo. La campa\u00f1a de Bustillo no gust\u00f3 porque se bas\u00f3 en el rega\u00f1o social y pol\u00edtico, y la gente se preguntaba: \u00bfY a este qui\u00e9n le otorg\u00f3 la superioridad moral para venir a rega\u00f1arnos, sobre todo montado en la silla de varios a\u00f1os en el Concejo?<\/p>\n","protected":false},"excerpt":{"rendered":"<p>David M\u00fanera Cavad\u00eda es un pol\u00edtico respetado porque tiene ideas y es consecuente con ellas. Agradeci\u00f3 a sus m\u00e1s de 12 mil votantes por apostarle al cambio y la transformaci\u00f3n de la ciudad, y sin pelos en la lengua, como es un car\u00e1cter, dijo que \u201ccon Quinto Guerra volvimos a perder\u201d; \u201cvolvieron a ganar los financistas, las mismas casas tradicionales y el partido de los contratistas\u201d; \u201cno tengo que necesitar una bola de cristal para saber que la ciudad seguir\u00e1 empeorando su situaci\u00f3n econ\u00f3mica, social y pol\u00edtica\u201d. \u00bfPor qu\u00e9 no&#8230; <\/p>\n","protected":false},"author":3,"featured_media":26094,"comment_status":"open","ping_status":"closed","sticky":false,"template":"","format":"standard","meta":{"footnotes":"","_links_to":"","_links_to_target":""},"categories":[75,66,44],"tags":[],"class_list":["post-26100","post","type-post","status-publish","format-standard","has-post-thumbnail","hentry","category-destacada","category-analisis","category-materiagris"],"_links":{"self":[{"href":"https:\/\/revistazetta.com\/index.php?rest_route=\/wp\/v2\/posts\/26100","targetHints":{"allow":["GET"]}}],"collection":[{"href":"https:\/\/revistazetta.com\/index.php?rest_route=\/wp\/v2\/posts"}],"about":[{"href":"https:\/\/revistazetta.com\/index.php?rest_route=\/wp\/v2\/types\/post"}],"author":[{"embeddable":true,"href":"https:\/\/revistazetta.com\/index.php?rest_route=\/wp\/v2\/users\/3"}],"replies":[{"embeddable":true,"href":"https:\/\/revistazetta.com\/index.php?rest_route=%2Fwp%2Fv2%2Fcomments&post=26100"}],"version-history":[{"count":0,"href":"https:\/\/revistazetta.com\/index.php?rest_route=\/wp\/v2\/posts\/26100\/revisions"}],"wp:featuredmedia":[{"embeddable":true,"href":"https:\/\/revistazetta.com\/index.php?rest_route=\/wp\/v2\/media\/26094"}],"wp:attachment":[{"href":"https:\/\/revistazetta.com\/index.php?rest_route=%2Fwp%2Fv2%2Fmedia&parent=26100"}],"wp:term":[{"taxonomy":"category","embeddable":true,"href":"https:\/\/revistazetta.com\/index.php?rest_route=%2Fwp%2Fv2%2Fcategories&post=26100"},{"taxonomy":"post_tag","embeddable":true,"href":"https:\/\/revistazetta.com\/index.php?rest_route=%2Fwp%2Fv2%2Ftags&post=26100"}],"curies":[{"name":"wp","href":"https:\/\/api.w.org\/{rel}","templated":true}]}}