{"id":26101,"date":"2018-05-07T11:28:34","date_gmt":"2018-05-07T16:28:34","guid":{"rendered":"http:\/\/www.revistazetta.com\/?p=26101"},"modified":"2018-05-07T11:28:34","modified_gmt":"2018-05-07T16:28:34","slug":"la-mandamas-analisis-john-zamora","status":"publish","type":"post","link":"https:\/\/revistazetta.com\/?p=26101","title":{"rendered":"La mandam\u00e1s &#8211; An\u00e1lisis de John Zamora"},"content":{"rendered":"<p>Tiene varias caras, pero ella es una sola: la verdadera mandam\u00e1s de las elecciones, la que domina por amplio margen, la que hist\u00f3ricamente no ha podido ser doblegada, do\u00f1a abstenci\u00f3n.<\/p>\n<p>Manda en Am\u00e9rica Latina, en Colombia y con sobrada autoridad en Cartagena.<\/p>\n<p>Aqu\u00ed elegimos alcaldes, gobernadores, concejales, diputados y ediles con apenas el 20<\/p>\n<p>% del potencial electoral; es decir, el 80% de abstenci\u00f3n.<\/p>\n<p>De ese peque\u00f1o porcentaje, solo una franja lo hace a conciencia, con sentido del deber ciudadano, y la mayor\u00eda corresponde a estructuras pol\u00edticas que encuentran en el voto el instrumento para sobrevivir y repetir el ciclo de espacios de gobernabilidad, burocracia y contrataci\u00f3n.<\/p>\n<p>Con participaci\u00f3n o sin ella, la regla de la democracia es que la mayor\u00eda votante decide, no la mayor\u00eda ap\u00e1tica, lo que a veces hace caer en la tentaci\u00f3n de pensar en el voto obligatorio: obligar a ser libres, si se toma a la democracia como un sistema de libertades. \u00a1Qu\u00e9 contradicci\u00f3n!<\/p>\n<p>Pero mientras dejamos ese debate para otro momento de reflexi\u00f3n, tratemos de pensar en las causas que explican la abstenci\u00f3n en Cartagena y sus varias caras.<\/p>\n<p>Falta de educaci\u00f3n democr\u00e1tica. Algo estamos haciendo muy mal, a pesar de ciertos esfuerzos. Por ejemplo, desde hace tiempo en los colegios se eligen Personeros Escolares, un buen experimento de pedagog\u00eda y ciudadan\u00eda, pero una vez adquirida la mayor\u00eda de edad, ir a votar es cosa de otros.<\/p>\n<p>Para qu\u00e9 votar si ya se sabe qui\u00e9n va a ganar. El conformismo bien sea porque se est\u00e1 de acuerdo con el potencial ganador, o porque hay una renuncia a luchar para que eso cambie.<\/p>\n<p>Candidatos que no convencen. Mucha gente no encuentra verdaderas respuestas a sus inquietudes y ning\u00fan candidato les lleva convicci\u00f3n y confianza.<\/p>\n<p>El domingo es para descansar. Interrumpir un ocioso domingo con algo tan aburrido como ir a votar, es inconcebible.<\/p>\n<p>Yo no voto pero mi vecino s\u00ed. Dejarle la responsabilidad a otro es una buena excusa para el irresponsable democr\u00e1tico, y todo piensan que el vecino s\u00ed votara, y nadie vota.<\/p>\n<p>Y usted, \u00bfqu\u00e9 otras causas cree que explican la abstenci\u00f3n electoral en Cartagena?<\/p>\n","protected":false},"excerpt":{"rendered":"<p>Tiene varias caras, pero ella es una sola: la verdadera mandam\u00e1s de las elecciones, la que domina por amplio margen, la que hist\u00f3ricamente no ha podido ser doblegada, do\u00f1a abstenci\u00f3n. Manda en Am\u00e9rica Latina, en Colombia y con sobrada autoridad en Cartagena. Aqu\u00ed elegimos alcaldes, gobernadores, concejales, diputados y ediles con apenas el 20 % del potencial electoral; es decir, el 80% de abstenci\u00f3n. De ese peque\u00f1o porcentaje, solo una franja lo hace a conciencia, con sentido del deber ciudadano, y la mayor\u00eda corresponde a estructuras pol\u00edticas que encuentran en&#8230; <\/p>\n","protected":false},"author":3,"featured_media":26095,"comment_status":"open","ping_status":"closed","sticky":false,"template":"","format":"standard","meta":{"footnotes":"","_links_to":"","_links_to_target":""},"categories":[75,66,44],"tags":[],"class_list":["post-26101","post","type-post","status-publish","format-standard","has-post-thumbnail","hentry","category-destacada","category-analisis","category-materiagris"],"_links":{"self":[{"href":"https:\/\/revistazetta.com\/index.php?rest_route=\/wp\/v2\/posts\/26101","targetHints":{"allow":["GET"]}}],"collection":[{"href":"https:\/\/revistazetta.com\/index.php?rest_route=\/wp\/v2\/posts"}],"about":[{"href":"https:\/\/revistazetta.com\/index.php?rest_route=\/wp\/v2\/types\/post"}],"author":[{"embeddable":true,"href":"https:\/\/revistazetta.com\/index.php?rest_route=\/wp\/v2\/users\/3"}],"replies":[{"embeddable":true,"href":"https:\/\/revistazetta.com\/index.php?rest_route=%2Fwp%2Fv2%2Fcomments&post=26101"}],"version-history":[{"count":0,"href":"https:\/\/revistazetta.com\/index.php?rest_route=\/wp\/v2\/posts\/26101\/revisions"}],"wp:featuredmedia":[{"embeddable":true,"href":"https:\/\/revistazetta.com\/index.php?rest_route=\/wp\/v2\/media\/26095"}],"wp:attachment":[{"href":"https:\/\/revistazetta.com\/index.php?rest_route=%2Fwp%2Fv2%2Fmedia&parent=26101"}],"wp:term":[{"taxonomy":"category","embeddable":true,"href":"https:\/\/revistazetta.com\/index.php?rest_route=%2Fwp%2Fv2%2Fcategories&post=26101"},{"taxonomy":"post_tag","embeddable":true,"href":"https:\/\/revistazetta.com\/index.php?rest_route=%2Fwp%2Fv2%2Ftags&post=26101"}],"curies":[{"name":"wp","href":"https:\/\/api.w.org\/{rel}","templated":true}]}}