{"id":26103,"date":"2018-05-08T06:00:02","date_gmt":"2018-05-08T11:00:02","guid":{"rendered":"http:\/\/www.revistazetta.com\/?p=26103"},"modified":"2018-05-08T06:00:02","modified_gmt":"2018-05-08T11:00:02","slug":"cadena-perpetua-violadores-ninos","status":"publish","type":"post","link":"https:\/\/revistazetta.com\/?p=26103","title":{"rendered":"Cadena perpetua a violadores de ni\u00f1os"},"content":{"rendered":"<p>Una amplia agenda social con \u00e9nfasis en la protecci\u00f3n de los menores de edad y los j\u00f3venes, present\u00f3 este lunes el candidato a la presidencia Iv\u00e1n Duque durante su gira por el departamento de Sucre.<\/p>\n<p>En acto p\u00fablico realizado en la Plaza Olaya Herrera en el centro de Sincelejo, el candidato rechaz\u00f3 los casos de violencia contra la poblaci\u00f3n infantil que han consternado la sociedad.<\/p>\n<p>\u201cQuiero una Colombia donde la legalidad tambi\u00e9n defiende a la familia. Yo no quiero ver m\u00e1s casos como el de Yuliana Sambon\u00ed, como el de Wendy en Ceret\u00e9, ni como el de los hermanitos Beltr\u00e1n\u201d, se\u00f1al\u00f3.<\/p>\n<p>Para enfrentar este flagelo\u00a0reiter\u00f3 su propuesta de cadena perpetua para violadores y abusadores de menores de edad.\u00a0Otra de las medidas que present\u00f3 para proteger a los j\u00f3venes fue la prohibici\u00f3n de la dosis personal de droga en Colombia.<\/p>\n<p>\u201cLos j\u00edbaros se escudan en la calles con la excusa de las dosis personal para que no le lleguen las autoridades. Hoy me ratifico ac\u00e1 en Sincelejo: vamos a prohibir la dosis personal de droga en nuestro pa\u00eds\u201d, afirm\u00f3.<\/p>\n<p>En este sentido agreg\u00f3 que, \u201cal adicto debemos ayudarlo para que se rehabilite, al consumidor hay que confiscarle lo que porte y al j\u00edbaro tenemos que llevarlo a la c\u00e1rcel\u201d.<\/p>\n<p>Reiter\u00f3 que perseguir\u00e1 a los grupos armados al margen de la ley que buscan desestabilizar el departamento.<\/p>\n<p>\u201cQue sepan los se\u00f1ores del \u2018clan del golfo\u2019 que conmigo no tienen escapatoria: o se someten o los vamos a perseguir con toda la fuerza del Estado\u201d, indic\u00f3.<\/p>\n<h2 class=\"m_-3452503481217161571mc-toc-title\"><strong>La Mojana\u00a0<\/strong><\/h2>\n<div>Durante el d\u00eda el candidato visit\u00f3 Majagual, coraz\u00f3n de La Mojana sucre\u00f1a, donde \u00a0fue recibido en el parque principal por aproximadamente dos mil personas. Duque se comprometi\u00f3 \u00a0a sacar en el Congreso de la Rep\u00fablica la extinci\u00f3n de dominio expr\u00e9s para quitarles hasta el \u00faltimo peso de su patrimonio a los corruptos.<\/p>\n<p>\u201cHay que buscar endurecer las penas para los corruptos y \u00a0que paguen hasta el \u00faltimo d\u00eda de sus condenas en c\u00e1rceles con barrotes, sin casa por c\u00e1rcel ni reducci\u00f3n de penas\u201d, se\u00f1al\u00f3.<\/p>\n<p>Desde San Marcos, ante un coliseo abarrotado, asegur\u00f3 que en su gobierno eliminar\u00e1 el derroche y promover\u00e1 una reforma al Estado, \u201cpara que enfrentemos la corrupci\u00f3n, a que reduzcamos la evasi\u00f3n para bajar impuestos y subir los salarios de los trabajadores colombianos\u201d.<\/p>\n<p>La gira finaliz\u00f3 en el muncipio de Sinc\u00e9, donde se\u00f1al\u00f3 que promover\u00e1 una amnist\u00eda \u201cpara que los campesinos salgan de esas centrales de riesgo crediticio y dejen de ser prisioneros del \u2018gota a gota\u201d.<\/p>\n<p>\u201cQuiero que el campesino tenga el microseguro, que tengan los insumos, que tengan las cooperativas, la transformaci\u00f3n productiva, v\u00edas terciarias, los reservorios de agua\u201d, sostuvo.<\/p>\n<p>\u201cEste ser\u00e1 el gobierno de la equidad y la inversi\u00f3n en campo. Habr\u00e1 exenci\u00f3n de impuestos para quienes lleven la inversi\u00f3n y genere empleo para los campesinos\u201d, enfatiz\u00f3.<\/p>\n<p>Finalmente, Duque se refiri\u00f3 al programa Familias en Acci\u00f3n, sobre el cual afirm\u00f3 que \u201ctiene que fortalecerse, tiene que sacar los colados, tiene que permitirles a sus familias que le lleven mejores condiciones en su potencial social\u201d.<\/p><\/div>\n","protected":false},"excerpt":{"rendered":"<p>Una amplia agenda social con \u00e9nfasis en la protecci\u00f3n de los menores de edad y los j\u00f3venes, present\u00f3 este lunes el candidato a la presidencia Iv\u00e1n Duque durante su gira por el departamento de Sucre. En acto p\u00fablico realizado en la Plaza Olaya Herrera en el centro de Sincelejo, el candidato rechaz\u00f3 los casos de violencia contra la poblaci\u00f3n infantil que han consternado la sociedad. \u201cQuiero una Colombia donde la legalidad tambi\u00e9n defiende a la familia. Yo no quiero ver m\u00e1s casos como el de Yuliana Sambon\u00ed, como el de&#8230; <\/p>\n","protected":false},"author":3,"featured_media":26104,"comment_status":"open","ping_status":"closed","sticky":false,"template":"","format":"standard","meta":{"footnotes":"","_links_to":"","_links_to_target":""},"categories":[2,75],"tags":[],"class_list":["post-26103","post","type-post","status-publish","format-standard","has-post-thumbnail","hentry","category-actualidad","category-destacada"],"_links":{"self":[{"href":"https:\/\/revistazetta.com\/index.php?rest_route=\/wp\/v2\/posts\/26103","targetHints":{"allow":["GET"]}}],"collection":[{"href":"https:\/\/revistazetta.com\/index.php?rest_route=\/wp\/v2\/posts"}],"about":[{"href":"https:\/\/revistazetta.com\/index.php?rest_route=\/wp\/v2\/types\/post"}],"author":[{"embeddable":true,"href":"https:\/\/revistazetta.com\/index.php?rest_route=\/wp\/v2\/users\/3"}],"replies":[{"embeddable":true,"href":"https:\/\/revistazetta.com\/index.php?rest_route=%2Fwp%2Fv2%2Fcomments&post=26103"}],"version-history":[{"count":0,"href":"https:\/\/revistazetta.com\/index.php?rest_route=\/wp\/v2\/posts\/26103\/revisions"}],"wp:featuredmedia":[{"embeddable":true,"href":"https:\/\/revistazetta.com\/index.php?rest_route=\/wp\/v2\/media\/26104"}],"wp:attachment":[{"href":"https:\/\/revistazetta.com\/index.php?rest_route=%2Fwp%2Fv2%2Fmedia&parent=26103"}],"wp:term":[{"taxonomy":"category","embeddable":true,"href":"https:\/\/revistazetta.com\/index.php?rest_route=%2Fwp%2Fv2%2Fcategories&post=26103"},{"taxonomy":"post_tag","embeddable":true,"href":"https:\/\/revistazetta.com\/index.php?rest_route=%2Fwp%2Fv2%2Ftags&post=26103"}],"curies":[{"name":"wp","href":"https:\/\/api.w.org\/{rel}","templated":true}]}}