{"id":26109,"date":"2018-05-08T17:19:02","date_gmt":"2018-05-08T22:19:02","guid":{"rendered":"http:\/\/www.revistazetta.com\/?p=26109"},"modified":"2018-05-08T17:19:02","modified_gmt":"2018-05-08T22:19:02","slug":"quinto-instalo-comision-empalme-la-aduana","status":"publish","type":"post","link":"https:\/\/revistazetta.com\/?p=26109","title":{"rendered":"Quinto instal\u00f3 Comisi\u00f3n de Empalme en La Aduana"},"content":{"rendered":"<p>A primera hora de este martes, el alcalde electo de Cartagena, Antonio Quinto Guerra, instal\u00f3 formalmente la comisi\u00f3n de empalme que recibir\u00e1 toda la informaci\u00f3n concerniente al estado administrativo y financiero que entrega el gobierno del alcalde (e) Sergio Londo\u00f1o.<\/p>\n<p>Durante el acto de instalaci\u00f3n, el mandatario electo indic\u00f3 que \u201cvamos a dar a conocer a todos los colombianos y cartageneros el estado administrativo y financiero del Distrito, toda la ejecuci\u00f3n presupuestal, los ingresos y egresos (&#8230;) As\u00ed mismo, entregaremos toda esta documentaci\u00f3n a los \u00f3rganos de control&#8217; para su verificaci\u00f3n\u201d.<\/p>\n<p>La comisi\u00f3n de empalme por parte del &#8216;Ganamos Todos&#8217; est\u00e1 liderada por Rosario Ricardo Bray y la acompa\u00f1an los profesionales V\u00edctor P\u00e9rez,\u00a0Jorge Mendoza Diago, Galo Viana, Roberto Useche, Dairo Bustillo, Jos\u00e9 Cohen, Javier Posada y el almirante \u00ae Gabriel Arango Bacci, entre otros.<\/p>\n<p>Durante la primera sesi\u00f3n del comit\u00e9, Quinto Guerra recibi\u00f3 toda la documentaci\u00f3n por parte de funcionarios de la administraci\u00f3n saliente y asegur\u00f3 que revisar\u00e1 y evaluar\u00e1 con suma rigurosidad y detenimiento todas las actuaciones administrativas, contractuales y de ejecuci\u00f3n del gobierno interino.<\/p>\n<p>El proceso de empalme constar\u00e1 de dos componentes: gesti\u00f3n administrativa y territorial con sus respectivos ejes tem\u00e1ticos de educaci\u00f3n, salud, seguridad, movilidad, comunicaci\u00f3n, vivienda, entre otros.<\/p>\n<p>Durante este encuentro se defini\u00f3 la agenda de trabajo y la alcaldesa encargada, Yolanda Wong, cit\u00f3 a Consejo de Gobierno para presentar el informe y toda la informaci\u00f3n detallada a la comisi\u00f3n de empalme. A partir de ese momento, la comisi\u00f3n de empalme contar\u00e1 con el tiempo de ley para hacer las observaciones pertinentes y recibir las respuestas del caso, seg\u00fan expres\u00f3 Javier Posada, integrante de la comisi\u00f3n del &#8216;Ganamos Todos&#8217;.<\/p>\n<p>\u201cNuestra administraci\u00f3n ser\u00e1 de puertas abiertas y el ciudadano del com\u00fan podr\u00e1 conocer todas las actuaciones. Estamos evaluando el gabinete. \u00a0Nuestro gabinete ser\u00e1 escogido con personas probas, hojas de vida \u00a0que muestren autonom\u00eda e independencia. Tengan confianza y seguridad que vamos a gobernar dirigidos por Dios, ya ces\u00f3 la horrible noche. Vamos a salvar a la ciudad de la interinidad e inestabilidad\u201d.<\/p>\n<p>Nuestra posesi\u00f3n ser\u00e1 sobria e integral. No queremos bast\u00f3n de mando, con ese dinero vamos a hacer un parque en la calle de La Cuchara de El Poz\u00f3n. Los gastos administrativos ser\u00e1n m\u00ednimos, austeros\u00bb, dijo.<\/p>\n<p><strong>La seguridad, lo primero<\/strong><\/p>\n<p>En su segundo encuentro con los medios de comunicaci\u00f3n, el alcalde electo de Cartagena, Antonio Quinto Guerra Varela, anunci\u00f3 que su primer acto de gobierno ser\u00e1 realizar un Consejo de Seguridad para trazar las l\u00edneas para trabajar en el tema que afecta a la mayor\u00eda de los cartageneros.<\/p>\n<p>Revel\u00f3 que en Cartagena existen 21 bandas criminales conformadas por j\u00f3venes menores de edad, que en su mayor\u00eda no\u00a0 tienen m\u00e1s nada que hacer despu\u00e9s de culminar la secundaria. \u201cEs que son m\u00e1s de 12 mil j\u00f3venes que salen graduados como bachilleres de la instituciones educativas p\u00fablicas, pero solo 260 ingresan a la Universidad de Cartagena. Por eso tenemos que crear la Universidad P\u00fablica Distrital\u201d, se\u00f1al\u00f3.<\/p>\n<p>Despu\u00e9s de atender a los medios de comunicaci\u00f3n, recorri\u00f3 parte del centro y lleg\u00f3 al emblem\u00e1tico Palito de Caucho, donde dialogo con decenas de cartageneros, comi\u00f3 patac\u00f3n y queso, y aprovech\u00f3 para lustrar sus zapatos. De all\u00ed sali\u00f3 a la Escuela Superior de Administraci\u00f3n P\u00fablico (ESAP) a adelantar los cursos reglamentarios.<\/p>\n","protected":false},"excerpt":{"rendered":"<p>A primera hora de este martes, el alcalde electo de Cartagena, Antonio Quinto Guerra, instal\u00f3 formalmente la comisi\u00f3n de empalme que recibir\u00e1 toda la informaci\u00f3n concerniente al estado administrativo y financiero que entrega el gobierno del alcalde (e) Sergio Londo\u00f1o. Durante el acto de instalaci\u00f3n, el mandatario electo indic\u00f3 que \u201cvamos a dar a conocer a todos los colombianos y cartageneros el estado administrativo y financiero del Distrito, toda la ejecuci\u00f3n presupuestal, los ingresos y egresos (&#8230;) As\u00ed mismo, entregaremos toda esta documentaci\u00f3n a los \u00f3rganos de control&#8217; para su&#8230; <\/p>\n","protected":false},"author":3,"featured_media":26111,"comment_status":"open","ping_status":"closed","sticky":false,"template":"","format":"standard","meta":{"footnotes":"","_links_to":"","_links_to_target":""},"categories":[75,4],"tags":[],"class_list":["post-26109","post","type-post","status-publish","format-standard","has-post-thumbnail","hentry","category-destacada","category-politica"],"_links":{"self":[{"href":"https:\/\/revistazetta.com\/index.php?rest_route=\/wp\/v2\/posts\/26109","targetHints":{"allow":["GET"]}}],"collection":[{"href":"https:\/\/revistazetta.com\/index.php?rest_route=\/wp\/v2\/posts"}],"about":[{"href":"https:\/\/revistazetta.com\/index.php?rest_route=\/wp\/v2\/types\/post"}],"author":[{"embeddable":true,"href":"https:\/\/revistazetta.com\/index.php?rest_route=\/wp\/v2\/users\/3"}],"replies":[{"embeddable":true,"href":"https:\/\/revistazetta.com\/index.php?rest_route=%2Fwp%2Fv2%2Fcomments&post=26109"}],"version-history":[{"count":0,"href":"https:\/\/revistazetta.com\/index.php?rest_route=\/wp\/v2\/posts\/26109\/revisions"}],"wp:featuredmedia":[{"embeddable":true,"href":"https:\/\/revistazetta.com\/index.php?rest_route=\/wp\/v2\/media\/26111"}],"wp:attachment":[{"href":"https:\/\/revistazetta.com\/index.php?rest_route=%2Fwp%2Fv2%2Fmedia&parent=26109"}],"wp:term":[{"taxonomy":"category","embeddable":true,"href":"https:\/\/revistazetta.com\/index.php?rest_route=%2Fwp%2Fv2%2Fcategories&post=26109"},{"taxonomy":"post_tag","embeddable":true,"href":"https:\/\/revistazetta.com\/index.php?rest_route=%2Fwp%2Fv2%2Ftags&post=26109"}],"curies":[{"name":"wp","href":"https:\/\/api.w.org\/{rel}","templated":true}]}}