{"id":26176,"date":"2018-05-15T16:41:46","date_gmt":"2018-05-15T21:41:46","guid":{"rendered":"http:\/\/www.revistazetta.com\/?p=26176"},"modified":"2018-05-15T16:41:46","modified_gmt":"2018-05-15T21:41:46","slug":"profe-paga-programa-propone-ivan-duque","status":"publish","type":"post","link":"https:\/\/revistazetta.com\/?p=26176","title":{"rendered":"\u00abSer profe paga\u00bb, programa que propone Iv\u00e1n Duque"},"content":{"rendered":"<p>El candidato presidencial Iv\u00e1n Duque anunci\u00f3 este martes que crear\u00e1 el programa <strong>\u2018Ser profe paga\u2019<\/strong>, para otorgar becas de especializaci\u00f3n y maestr\u00edas a los maestros de Colombia.<\/p>\n<p>\u201cHoy les quiero hablar a los maestros de Colombia con admiraci\u00f3n y con aprecio. Yo he sido profesor universitario, disfruto la c\u00e1tedra y creo que es de las cosas m\u00e1s formadoras que podemos tener los seres humanos\u201d, expres\u00f3 Duque en el marco del D\u00eda del Maestro.<\/p>\n<p>Al tiempo, agreg\u00f3 que para dignificar la labor de los maestros \u201cquiero lanzar el programa \u2018Ser profe paga\u2019 para mejorar su remuneraci\u00f3n, pero especialmente para abrir un programa de becas de especializaci\u00f3n, maestr\u00edas y ayudarlos a que tengan las t\u00e9cnicas modernas, que puedan tener mejores herramientas que permitan un mejor aprendizaje para los ni\u00f1os y j\u00f3venes de Colombia\u201d.<\/p>\n","protected":false},"excerpt":{"rendered":"<p>El candidato presidencial Iv\u00e1n Duque anunci\u00f3 este martes que crear\u00e1 el programa \u2018Ser profe paga\u2019, para otorgar becas de especializaci\u00f3n y maestr\u00edas a los maestros de Colombia. \u201cHoy les quiero hablar a los maestros de Colombia con admiraci\u00f3n y con aprecio. Yo he sido profesor universitario, disfruto la c\u00e1tedra y creo que es de las cosas m\u00e1s formadoras que podemos tener los seres humanos\u201d, expres\u00f3 Duque en el marco del D\u00eda del Maestro. Al tiempo, agreg\u00f3 que para dignificar la labor de los maestros \u201cquiero lanzar el programa \u2018Ser profe&#8230; <\/p>\n","protected":false},"author":3,"featured_media":26061,"comment_status":"open","ping_status":"closed","sticky":false,"template":"","format":"standard","meta":{"footnotes":"","_links_to":"","_links_to_target":""},"categories":[75],"tags":[],"class_list":["post-26176","post","type-post","status-publish","format-standard","has-post-thumbnail","hentry","category-destacada"],"_links":{"self":[{"href":"https:\/\/revistazetta.com\/index.php?rest_route=\/wp\/v2\/posts\/26176","targetHints":{"allow":["GET"]}}],"collection":[{"href":"https:\/\/revistazetta.com\/index.php?rest_route=\/wp\/v2\/posts"}],"about":[{"href":"https:\/\/revistazetta.com\/index.php?rest_route=\/wp\/v2\/types\/post"}],"author":[{"embeddable":true,"href":"https:\/\/revistazetta.com\/index.php?rest_route=\/wp\/v2\/users\/3"}],"replies":[{"embeddable":true,"href":"https:\/\/revistazetta.com\/index.php?rest_route=%2Fwp%2Fv2%2Fcomments&post=26176"}],"version-history":[{"count":0,"href":"https:\/\/revistazetta.com\/index.php?rest_route=\/wp\/v2\/posts\/26176\/revisions"}],"wp:featuredmedia":[{"embeddable":true,"href":"https:\/\/revistazetta.com\/index.php?rest_route=\/wp\/v2\/media\/26061"}],"wp:attachment":[{"href":"https:\/\/revistazetta.com\/index.php?rest_route=%2Fwp%2Fv2%2Fmedia&parent=26176"}],"wp:term":[{"taxonomy":"category","embeddable":true,"href":"https:\/\/revistazetta.com\/index.php?rest_route=%2Fwp%2Fv2%2Fcategories&post=26176"},{"taxonomy":"post_tag","embeddable":true,"href":"https:\/\/revistazetta.com\/index.php?rest_route=%2Fwp%2Fv2%2Ftags&post=26176"}],"curies":[{"name":"wp","href":"https:\/\/api.w.org\/{rel}","templated":true}]}}