{"id":26177,"date":"2018-05-15T16:45:10","date_gmt":"2018-05-15T21:45:10","guid":{"rendered":"http:\/\/www.revistazetta.com\/?p=26177"},"modified":"2018-05-15T16:46:35","modified_gmt":"2018-05-15T21:46:35","slug":"arjona-vivio-fin-semana-sin-sobresaltos-orden-publico","status":"publish","type":"post","link":"https:\/\/revistazetta.com\/?p=26177","title":{"rendered":"Arjona vivi\u00f3 un fin de semana sin sobresaltos en orden p\u00fablico"},"content":{"rendered":"<div dir=\"auto\">Durante este fin de semana se realiz\u00f3 en el municipio de Arjona planes de intervenci\u00f3n como resultado del trabajo articulado entre la administraci\u00f3n municipal y la fuerza p\u00fablica, en aras de mejorar la convivencia y seguridad ciudadana.<\/div>\n<div dir=\"auto\"><\/div>\n<div dir=\"auto\">Esta intervenci\u00f3n se realiz\u00f3 focalizada en dos planes que fueron: Plan de intervenci\u00f3n a establecimientos abiertos al p\u00fablico en los d\u00edas de s\u00e1bado a lunes, en un trabajo conjunto entre Polic\u00eda, Comisar\u00eda de Familia (Alcald\u00eda) y Bienes y Rentas (Gobernacion) y el Plan intervenci\u00f3n por parte del grupo de Reacci\u00f3n en diferentes barrios, parques y puntos cr\u00edticos del municipio.<\/div>\n<div dir=\"auto\"><\/div>\n<div dir=\"auto\">La secretaria de Gobierno de Arjona, Kety Luz Beltr\u00e1n manifest\u00f3 que se logra un balance positivo gracias a la intervenci\u00f3n que se realiz\u00f3 este fin de semana. \u201cSeguimos trabajando articulado para dar y mejorar los resultados de la seguridad y convivencia ciudadana en el municipio\u201d. La funcionaria expres\u00f3 su agradecimiento al compromiso que tiene la Polic\u00eda y la Infanter\u00eda de Marina por la seguridad de Arjona, as\u00ed como tambi\u00e9n agradeci\u00f3 a la comunidad arjonera por su buen comportamiento este fin de semana.<\/div>\n<div dir=\"auto\"><\/div>\n<div dir=\"auto\">Dentro del desarrollo de estas intervenciones, por una reacci\u00f3n de la Polic\u00eda se logra la captura del j\u00f3ven Maifol Pajaro Gonz\u00e1lez alias \u201cEl Mello\u201d, quien tiene una Orden Judicial por Hurto Calificado y Agravado.<\/div>\n<div dir=\"auto\"><\/div>\n<div dir=\"auto\">Por su parte Gustavo Castro Matson, Alcalde (e) de Arjona, manifest\u00f3 que este fue un fin de semana satisfactorio para las autoridades tanto policiales como civiles. \u201cUn fin de semana bastante movido por ser el d\u00eda de las madres, pero un parte muy positivo porque no hubo un solo muerto y un comportamiento excelente que se vio en los establecimientos abiertos al p\u00fablico\u201d, recalc\u00f3 el funcionario.<\/div>\n","protected":false},"excerpt":{"rendered":"<p>Durante este fin de semana se realiz\u00f3 en el municipio de Arjona planes de intervenci\u00f3n como resultado del trabajo articulado entre la administraci\u00f3n municipal y la fuerza p\u00fablica, en aras de mejorar la convivencia y seguridad ciudadana. Esta intervenci\u00f3n se realiz\u00f3 focalizada en dos planes que fueron: Plan de intervenci\u00f3n a establecimientos abiertos al p\u00fablico en los d\u00edas de s\u00e1bado a lunes, en un trabajo conjunto entre Polic\u00eda, Comisar\u00eda de Familia (Alcald\u00eda) y Bienes y Rentas (Gobernacion) y el Plan intervenci\u00f3n por parte del grupo de Reacci\u00f3n en diferentes barrios,&#8230; <\/p>\n","protected":false},"author":3,"featured_media":26178,"comment_status":"open","ping_status":"closed","sticky":false,"template":"","format":"standard","meta":{"footnotes":"","_links_to":"","_links_to_target":""},"categories":[80,75,83],"tags":[],"class_list":["post-26177","post","type-post","status-publish","format-standard","has-post-thumbnail","hentry","category-region","category-destacada","category-municipios"],"_links":{"self":[{"href":"https:\/\/revistazetta.com\/index.php?rest_route=\/wp\/v2\/posts\/26177","targetHints":{"allow":["GET"]}}],"collection":[{"href":"https:\/\/revistazetta.com\/index.php?rest_route=\/wp\/v2\/posts"}],"about":[{"href":"https:\/\/revistazetta.com\/index.php?rest_route=\/wp\/v2\/types\/post"}],"author":[{"embeddable":true,"href":"https:\/\/revistazetta.com\/index.php?rest_route=\/wp\/v2\/users\/3"}],"replies":[{"embeddable":true,"href":"https:\/\/revistazetta.com\/index.php?rest_route=%2Fwp%2Fv2%2Fcomments&post=26177"}],"version-history":[{"count":0,"href":"https:\/\/revistazetta.com\/index.php?rest_route=\/wp\/v2\/posts\/26177\/revisions"}],"wp:featuredmedia":[{"embeddable":true,"href":"https:\/\/revistazetta.com\/index.php?rest_route=\/wp\/v2\/media\/26178"}],"wp:attachment":[{"href":"https:\/\/revistazetta.com\/index.php?rest_route=%2Fwp%2Fv2%2Fmedia&parent=26177"}],"wp:term":[{"taxonomy":"category","embeddable":true,"href":"https:\/\/revistazetta.com\/index.php?rest_route=%2Fwp%2Fv2%2Fcategories&post=26177"},{"taxonomy":"post_tag","embeddable":true,"href":"https:\/\/revistazetta.com\/index.php?rest_route=%2Fwp%2Fv2%2Ftags&post=26177"}],"curies":[{"name":"wp","href":"https:\/\/api.w.org\/{rel}","templated":true}]}}