{"id":26179,"date":"2018-05-15T16:51:47","date_gmt":"2018-05-15T21:51:47","guid":{"rendered":"http:\/\/www.revistazetta.com\/?p=26179"},"modified":"2018-05-15T16:51:47","modified_gmt":"2018-05-15T21:51:47","slug":"ritmo-caribe-la-sinfonica-bolivar-sacudira-bogota","status":"publish","type":"post","link":"https:\/\/revistazetta.com\/?p=26179","title":{"rendered":"El ritmo Caribe de la Sinf\u00f3nica de Bol\u00edvar sacudir\u00e1 a Bogot\u00e1"},"content":{"rendered":"<p>La Orquesta Sinf\u00f3nica de Bol\u00edvar llevar\u00e1 su ritmo Caribe por primera vez a Bogot\u00e1, en un concierto que ofrecer\u00e1 el pr\u00f3ximo s\u00e1bado 19 de mayo, a las 4 de la tarde, en el\u00a0auditorio Fabio Lozano de la Universidad Jorge Tadeo Lozano.<\/p>\n<p>La Orquesta Sinf\u00f3nica de Bol\u00edvar est\u00e1 integrada por 53 virtuosos m\u00fasicos entre estudiantes, egresados y docentes del Conservatorio de M\u00fasica Adolfo Mej\u00eda de la Instituci\u00f3n Universitaria Bellas Artes y Ciencias de Bol\u00edvar (Unibac), dirigidos por el maestro Germ\u00e1n C\u00e9spedes D\u00edaz (Doctor en M\u00fasica del Conservatorio Piotr Chaikovsky de Mosc\u00fa). Hoy es considerada la orquesta m\u00e1s importante del Caribe colombiano en su g\u00e9nero y un referente en el medio universitario del pa\u00eds.<\/p>\n<p>Su majestuosidad y calidad art\u00edstica la han llevado a presentarse en destacados escenarios a nivel regional, nacional e internacional, como la gira \u201cCaribbean Autumn\u201d por siete ciudades de Estados Unidos, el ciclo \u201cA Mi Manera\u201d, apreciado por casi 15 mil personas en cuatro municipios de Bol\u00edvar; y las presentaciones junto a solistas de renombre internacional como Denis Shapavalov, Francesco Manara y muchos otros. Son los protagonistas del tradicional ciclo de conciertos de Navidad \u00abM\u00fasica en las Alturas\u00bb que se realiza en Cartagena y de ovacionadas presentaciones en el Festival de Jazz de Mompox. Dentro de su trayectoria cuenta con la producci\u00f3n discogr\u00e1fica \u201cCaribe\u00a0Sinf\u00f3nico\u201d.<\/p>\n<p>A finales de 2017, la Orquesta\u00a0Sinf\u00f3nica\u00a0de Bol\u00edvar fue exaltada con la Orden al M\u00e9rito C\u00edvico Sim\u00f3n Bol\u00edvar por su aporte a la m\u00fasica y a la cultura del departamento, en el marco de sus 15 a\u00f1os.<\/p>\n<p>Para su concierto en Bogot\u00e1, la Orquesta Sinf\u00f3nica de Bol\u00edvar interpretar\u00e1 un programa que incluye obras de Shostakovich, Bizet, Mej\u00eda y Liszt, as\u00ed como el poema sinf\u00f3nico \u201c\u00cdntima\u201d del compositor caribe\u00f1o Adolfo Mej\u00eda. Las boletas para este concierto se pueden adquirir en la taquilla del auditorio Fabio Lozano de la Universidad Jorge Tadeo Lozano, ubicado en la\u00a0<a href=\"https:\/\/maps.google.com\/?q=carrera+4+No+22-40&amp;entry=gmail&amp;source=g\" data-saferedirecturl=\"https:\/\/www.google.com\/url?hl=es&amp;q=https:\/\/maps.google.com\/?q%3Dcarrera%2B4%2BNo%2B22-40%26entry%3Dgmail%26source%3Dg&amp;source=gmail&amp;ust=1526502870836000&amp;usg=AFQjCNEat1BvOJLUsTREqMq04OFhlKZapw\" target=\"_blank\" rel=\"noopener\">carrera 4 No 22-40<\/a> de Bogot\u00e1 por $5.000.<\/p>\n<p>&nbsp;<\/p>\n<p>&nbsp;<\/p>\n<p><strong>Presentaci\u00f3n en el Teatro Col\u00f3n<\/strong><\/p>\n<p><strong>\u00a0<\/strong><\/p>\n<p>El domingo 20 de mayo, la Orquesta Sinf\u00f3nica de Bol\u00edvar ofrecer\u00e1 otro concierto en la capital del pa\u00eds, esta vez en el Teatro Col\u00f3n, como invitados musicales en el Reconocimiento Afro 2018 que organiza la Direcci\u00f3n de Asuntos para las Comunidades Negras, Afrocolombianas, Palenqueras y Raizales del Ministerio del Interior, en el que participar\u00e1n reconocidos artistas con prominente trayectoria en las m\u00fasicas tradicionales y urbanas de Colombia como el grupo Bah\u00eda, Hugo Candelario, Bazurto All Stars, entre otros. De igual manera se rendir\u00e1 un homenaje al desaparecido m\u00fasico bolivarense Mag\u00edn D\u00edaz a cargo de Carlos Vives y Andr\u00e9s Cepeda.\u00a0\u00a0El ingreso a este concierto ser\u00e1 por invitaci\u00f3n.<\/p>\n<p>Video de Orquesta Sinf\u00f3nica de Bol\u00edvar aqu\u00ed:\u00a0<a href=\"https:\/\/www.youtube.com\/watch?v=us6q01FQwM8\" data-saferedirecturl=\"https:\/\/www.google.com\/url?hl=es&amp;q=https:\/\/www.youtube.com\/watch?v%3Dus6q01FQwM8&amp;source=gmail&amp;ust=1526502870836000&amp;usg=AFQjCNFQyQ1EqEJwXEgWqspcGM3vKgw9SA\" target=\"_blank\" rel=\"noopener\">https:\/\/www.youtube.com\/watch?v=us6q01FQwM8<\/a><\/p>\n","protected":false},"excerpt":{"rendered":"<p>La Orquesta Sinf\u00f3nica de Bol\u00edvar llevar\u00e1 su ritmo Caribe por primera vez a Bogot\u00e1, en un concierto que ofrecer\u00e1 el pr\u00f3ximo s\u00e1bado 19 de mayo, a las 4 de la tarde, en el\u00a0auditorio Fabio Lozano de la Universidad Jorge Tadeo Lozano. La Orquesta Sinf\u00f3nica de Bol\u00edvar est\u00e1 integrada por 53 virtuosos m\u00fasicos entre estudiantes, egresados y docentes del Conservatorio de M\u00fasica Adolfo Mej\u00eda de la Instituci\u00f3n Universitaria Bellas Artes y Ciencias de Bol\u00edvar (Unibac), dirigidos por el maestro Germ\u00e1n C\u00e9spedes D\u00edaz (Doctor en M\u00fasica del Conservatorio Piotr Chaikovsky de Mosc\u00fa)&#8230;. <\/p>\n","protected":false},"author":3,"featured_media":26180,"comment_status":"open","ping_status":"closed","sticky":false,"template":"","format":"standard","meta":{"footnotes":"","_links_to":"","_links_to_target":""},"categories":[41,75,43],"tags":[],"class_list":["post-26179","post","type-post","status-publish","format-standard","has-post-thumbnail","hentry","category-cultura","category-destacada","category-cultura-musica"],"_links":{"self":[{"href":"https:\/\/revistazetta.com\/index.php?rest_route=\/wp\/v2\/posts\/26179","targetHints":{"allow":["GET"]}}],"collection":[{"href":"https:\/\/revistazetta.com\/index.php?rest_route=\/wp\/v2\/posts"}],"about":[{"href":"https:\/\/revistazetta.com\/index.php?rest_route=\/wp\/v2\/types\/post"}],"author":[{"embeddable":true,"href":"https:\/\/revistazetta.com\/index.php?rest_route=\/wp\/v2\/users\/3"}],"replies":[{"embeddable":true,"href":"https:\/\/revistazetta.com\/index.php?rest_route=%2Fwp%2Fv2%2Fcomments&post=26179"}],"version-history":[{"count":0,"href":"https:\/\/revistazetta.com\/index.php?rest_route=\/wp\/v2\/posts\/26179\/revisions"}],"wp:featuredmedia":[{"embeddable":true,"href":"https:\/\/revistazetta.com\/index.php?rest_route=\/wp\/v2\/media\/26180"}],"wp:attachment":[{"href":"https:\/\/revistazetta.com\/index.php?rest_route=%2Fwp%2Fv2%2Fmedia&parent=26179"}],"wp:term":[{"taxonomy":"category","embeddable":true,"href":"https:\/\/revistazetta.com\/index.php?rest_route=%2Fwp%2Fv2%2Fcategories&post=26179"},{"taxonomy":"post_tag","embeddable":true,"href":"https:\/\/revistazetta.com\/index.php?rest_route=%2Fwp%2Fv2%2Ftags&post=26179"}],"curies":[{"name":"wp","href":"https:\/\/api.w.org\/{rel}","templated":true}]}}