{"id":26181,"date":"2018-05-15T22:34:09","date_gmt":"2018-05-16T03:34:09","guid":{"rendered":"http:\/\/www.revistazetta.com\/?p=26181"},"modified":"2018-05-15T22:34:09","modified_gmt":"2018-05-16T03:34:09","slug":"baile-la-campana-mejorvargaslleras-se-toma-colombia","status":"publish","type":"post","link":"https:\/\/revistazetta.com\/?p=26181","title":{"rendered":"El baile de la campa\u00f1a de #MejorVargasLleras se toma Colombia"},"content":{"rendered":"<p>Este mi\u00e9rcoles a las 10 de la ma\u00f1ana los j\u00f3venes que apoyan al candidato presidencial Germ\u00e1n Vargas Lleras se tomar\u00e1n 12 ciudades de Colombia, con el baile oficial de la campa\u00f1a.<\/p>\n<p>El evento cultural es impulsado por la hija del candidato, Clemencia Vargas, quien, adem\u00e1s, es la creadora de la coreograf\u00eda que incluye cuatro pasos: salir adelante, democracia activa, cero carretas y mejor unidos.<\/p>\n<p>Los j\u00f3venes con cultura quieren demostrar que Vargas Lleras no solo es un hombre que ejecuta en materia de infraestructura, sino que tambi\u00e9n se preocupa por lo social y la cultura, por lo que est\u00e1n seguros de que en su gobierno estar\u00e1n bien representados.<\/p>\n<p>Los integrantes de #MEJORJOVENES se encontrar\u00e1n en los siguientes puntos:<br \/>\nCartagena, Plaza de los Coches (centro).<\/p>\n<p>*Ibagu\u00e9*: Parque Murillo Toro (Centro).<br \/>\n*C\u00facuta*: Parque Santander, entre avenidas 5 y 6 y las calles 10 y 11.<br \/>\n*Medell\u00edn*: carrera 52 #477-11 (Carabobo).<br \/>\n*Puerto Carre\u00f1o, Vichada*: Parque Gloria Lara, (frente hospital).<br \/>\n*Tunja*: carrera 10 entre calles 20 y 21.<br \/>\n*Monter\u00eda*: Parque Sim\u00f3n Bol\u00edvar.<br \/>\n*Florida Blanca, Santander*: parque Principal de Floridablanca.<br \/>\n*Ci\u00e9naga, Magdalena*: Plaza del Centenario.<br \/>\n*Manizales*: Parque del Centro Comercial Parque Caldas.<br \/>\n*Quibd\u00f3*: Parque Manuel Mosquera<br \/>\n*Bogot\u00e1*: Plazoleta del Rosario (Av. Jim\u00e9nez)<\/p>\n","protected":false},"excerpt":{"rendered":"<p>Este mi\u00e9rcoles a las 10 de la ma\u00f1ana los j\u00f3venes que apoyan al candidato presidencial Germ\u00e1n Vargas Lleras se tomar\u00e1n 12 ciudades de Colombia, con el baile oficial de la campa\u00f1a. El evento cultural es impulsado por la hija del candidato, Clemencia Vargas, quien, adem\u00e1s, es la creadora de la coreograf\u00eda que incluye cuatro pasos: salir adelante, democracia activa, cero carretas y mejor unidos. Los j\u00f3venes con cultura quieren demostrar que Vargas Lleras no solo es un hombre que ejecuta en materia de infraestructura, sino que tambi\u00e9n se preocupa por&#8230; <\/p>\n","protected":false},"author":3,"featured_media":26182,"comment_status":"open","ping_status":"closed","sticky":false,"template":"","format":"standard","meta":{"footnotes":"","_links_to":"","_links_to_target":""},"categories":[4,75],"tags":[],"class_list":["post-26181","post","type-post","status-publish","format-standard","has-post-thumbnail","hentry","category-politica","category-destacada"],"_links":{"self":[{"href":"https:\/\/revistazetta.com\/index.php?rest_route=\/wp\/v2\/posts\/26181","targetHints":{"allow":["GET"]}}],"collection":[{"href":"https:\/\/revistazetta.com\/index.php?rest_route=\/wp\/v2\/posts"}],"about":[{"href":"https:\/\/revistazetta.com\/index.php?rest_route=\/wp\/v2\/types\/post"}],"author":[{"embeddable":true,"href":"https:\/\/revistazetta.com\/index.php?rest_route=\/wp\/v2\/users\/3"}],"replies":[{"embeddable":true,"href":"https:\/\/revistazetta.com\/index.php?rest_route=%2Fwp%2Fv2%2Fcomments&post=26181"}],"version-history":[{"count":0,"href":"https:\/\/revistazetta.com\/index.php?rest_route=\/wp\/v2\/posts\/26181\/revisions"}],"wp:featuredmedia":[{"embeddable":true,"href":"https:\/\/revistazetta.com\/index.php?rest_route=\/wp\/v2\/media\/26182"}],"wp:attachment":[{"href":"https:\/\/revistazetta.com\/index.php?rest_route=%2Fwp%2Fv2%2Fmedia&parent=26181"}],"wp:term":[{"taxonomy":"category","embeddable":true,"href":"https:\/\/revistazetta.com\/index.php?rest_route=%2Fwp%2Fv2%2Fcategories&post=26181"},{"taxonomy":"post_tag","embeddable":true,"href":"https:\/\/revistazetta.com\/index.php?rest_route=%2Fwp%2Fv2%2Ftags&post=26181"}],"curies":[{"name":"wp","href":"https:\/\/api.w.org\/{rel}","templated":true}]}}