{"id":26183,"date":"2018-05-16T07:43:42","date_gmt":"2018-05-16T12:43:42","guid":{"rendered":"http:\/\/www.revistazetta.com\/?p=26183"},"modified":"2018-05-16T07:43:42","modified_gmt":"2018-05-16T12:43:42","slug":"orbita-politica-john-zamora-miercoles-16-mayo","status":"publish","type":"post","link":"https:\/\/revistazetta.com\/?p=26183","title":{"rendered":"\u00d3rbita Pol\u00edtica de John Zamora \u2013 mi\u00e9rcoles 16 de mayo"},"content":{"rendered":"<p><strong>Los \u00abapellidos\u00bb del Gabinete<\/strong><\/p>\n<p>Nos dimos a la tarea de averiguar su procedencia pol\u00edtica, es decir, qu\u00e9 sector los respalda, o con qu\u00e9 sector se les relaciona, o qu\u00e9 sector los present\u00f3, y entre par\u00e9ntesis colocaremos su \u201capellido\u201d<\/p>\n<p>En las Secretar\u00edas encontramos los siguientes nombramientos:<\/p>\n<p>Martha Seidel Peralta, Secretaria General (Pedrito Pereira).<\/p>\n<p>Elkin Zaith Paz M\u00e1rquez, Secretario Privado (Liberal \u2013 Turbay).<\/p>\n<p>William Valderrama Hoyos, Secretario de Hacienda (Montes<\/p>\n<p>Claudia Almeida, Secretaria de Educaci\u00f3n (Montes).<\/p>\n<p>Claudia del Carmen Anaya Mar\u00edn, Secretaria de Participaci\u00f3n. (Alcalde)<\/p>\n<p>Iv\u00e1n Castro, Secretario de Planeaci\u00f3n. (Alcalde)<\/p>\n<p>Jorge Camilo Carrillo Padr\u00f3n, jefe de la Oficina Jur\u00eddica. (Alcalde)<\/p>\n<p>An\u00edbal Ther\u00e1n Tom, jefe Oficina Asesora de Prensa. (Alcalde)<\/p>\n<p>Cristian Rafael Herazo Miranda, Secretario de Talento Humano. (Alcalde)<\/p>\n<p>Jacqueline Ortega D\u00edaz, Secretaria de Apoyo Log\u00edstico (Adolfo Raad)<\/p>\n<p>Luis Cano Sed\u00e1n, Tesorero. Funcionario de carrera administrativa.<\/p>\n<p>Alejandra Mar\u00eda Campo Iriarte, directora\u00a0del Fondo de Pensiones. (Alcalde)<\/p>\n<p>Antonio Sagbini, director del DADIS (Lidio Garc\u00eda).<\/p>\n<p>\u00c1lvaro Dar\u00edo Vargas Mart\u00ednez, director del EPA (Hernando Padau\u00ed).<\/p>\n<p>Edinson Garc\u00e9s Rodr\u00edguez, director del IDER (Nadia Blel)<\/p>\n<p>Rubby del Carmen Mutis, directora del IPCC (Alcalde)<\/p>\n<p>Jorge Lequerica, director de Valorizaci\u00f3n (Alcalde)<\/p>\n<p>Richard Jos\u00e9 G\u00f3mez Mart\u00ednez, director de la UMATA. (Alcalde)<\/p>\n<p>Robinson Enrique Mena Robles, director de la Escuela de Gobierno. (Alcalde)<\/p>\n<p>Luzmila Pertuz Teher\u00e1n, Gerente de la oficina de Espacio P\u00fablico (C\u00e9sar Pi\u00f3n).<\/p>\n<p>William Garc\u00eda Tirado, gerente de Corvivienda (Garc\u00eda Tirado)<\/p>\n<p>Yolanda Wong Baldiris, Secretar\u00eda del Interior. (Garc\u00eda Zuccardi)<\/p>\n<p>Clara Calder\u00f3n, secretaria de Infraestructura (Garc\u00eda Zuccardi)<\/p>\n<p>V\u00edctor Arango, director de Distriseguridad (Lidio Garc\u00eda)<\/p>\n<p>&nbsp;<\/p>\n<p><strong>Blel con Duque<\/strong><\/p>\n<p>La senadora Nadia Blel desde hace varios d\u00edas ha intensificado su actividad proselitista a favor de la candidatura presidencial de Iv\u00e1n Duque.<\/p>\n<p>\u201cColombia merece un presidente capaz de devolver la tranquilidad y seguridad a sus habitantes. Que apoye el emprendimiento y apueste por los j\u00f3venes. Que conf\u00ede en el poder y liderazgo de la mujer; que construya un pa\u00eds m\u00e1s justo para todos. Por estas y m\u00e1s razones, mi presidente es Iv\u00e1n Duque\u201d, de declarado la senadora de la bancada del Partido Conservador.<\/p>\n<p>&nbsp;<\/p>\n<p><strong>Betancourt pide curul en Concejo<\/strong><\/p>\n<p>El excandidato a la Alcald\u00eda de Cartagena, Andr\u00e9s Betancourt, radic\u00f3 un derecho de petici\u00f3n ante el Concejo de Cartagena solicitando le sea asignada una curul, en calidad de segundo en votos en los pasados comicios del 6 de mayo.<\/p>\n<p>\u201cSolicito se\u00f1or Presidente del Concejo Distrital de Cartagena, que oficie a la Registradora Nacional del Estado Civil y que esta certifique que soy el segundo en votaci\u00f3n y en consecuencia se ordene por parte de esta entidad la expedici\u00f3n de mi credencial de Concejal y llamarme a posesionar en dicha corporaci\u00f3n\u201d.<\/p>\n<p>El escrito presenta los argumentos de derecho que sustentan\u00a0 la petici\u00f3n.<\/p>\n<p>&nbsp;<\/p>\n<p>Esta es la solicitud:<\/p>\n<p><span style=\"color: #000080;\"><em>Cartagena 11 de mayo de 2018<\/em><\/span><\/p>\n<p>&nbsp;<\/p>\n<p><span style=\"color: #000080;\"><em>Se\u00f1ores<\/em><\/span><\/p>\n<p><span style=\"color: #000080;\"><em><strong>CONCEJO DISTRITAL DE CARTAGENA<\/strong><\/em><\/span><\/p>\n<p><span style=\"color: #000080;\"><em>Mesa Directiva<\/em><\/span><\/p>\n<p><span style=\"color: #000080;\"><em>E.S.D<\/em><\/span><\/p>\n<p>&nbsp;<\/p>\n<p>&nbsp;<\/p>\n<p><span style=\"color: #000080;\"><em>Ref.: Derecho de Petici\u00f3n, solicitud de aplicaci\u00f3n de Acto Legislativo No 2 de 2015.<\/em><\/span><\/p>\n<p>&nbsp;<\/p>\n<p>&nbsp;<\/p>\n<p>&nbsp;<\/p>\n<p><span style=\"color: #000080;\"><em><strong>ANDRES FERNANDO BETANCOURT GONZALEZ<\/strong>, identificado como aparece al pie de mi correspondiente firma, a usted concurro para que previo a la constataci\u00f3n de los requisitos con la Autoridad Electoral que establece el Art\u00edculo primero del Acto Legislativo No 02 de 2015, proceda a realizar el llamamiento a mi nombre, para ocupar la curul en el Concejo Distrital de Cartagena, de conformidad con la Constituci\u00f3n Pol\u00edtica.<\/em><\/span><\/p>\n<p>&nbsp;<\/p>\n<p><span style=\"color: #000080;\"><em>La anterior petici\u00f3n la fundamento en los siguientes:<\/em><\/span><\/p>\n<p>&nbsp;<\/p>\n<p><span style=\"color: #000080;\"><em><strong>FUNDAMENTO DE HECHO <\/strong><\/em><\/span><\/p>\n<p><span style=\"color: #000080;\"><em><strong>\u00a0<\/strong><\/em><\/span><\/p>\n<ol>\n<li><span style=\"color: #000080;\"><em>Como producto de la falta absoluta del que fuera elegido para ser Alcalde de Cartagena periodo 2016- 2020, Manuel Vicente Duque, el Gobierno Nacional convoco para el 6 de mayo de los corrientes, elecciones at\u00edpicas para el periodo 2018-2020.<\/em><\/span><\/li>\n<\/ol>\n<p>&nbsp;<\/p>\n<ol start=\"2\">\n<li><span style=\"color: #000080;\"><em>En dichas elecciones, en la cual participe avalado por el Partido ASI, obtuve la segunda votaci\u00f3n.<\/em><\/span><\/li>\n<\/ol>\n<p>&nbsp;<\/p>\n<ol start=\"3\">\n<li><span style=\"color: #000080;\"><em>El candidato Antonio Quinto Guerra registro una votaci\u00f3n de <strong>SETENTA Y DOS MIL DOCEINTOS 0CHENTA Y DOS MIL (72.282) votos, <\/strong>siendo declarado Alcalde Distrital para el periodo 2018-2020 y yo obtuve una votaci\u00f3n de <strong>CINCUENTA Y OCHO MIL QUINIENTOS OCHENTA Y TRES MIL <\/strong>(58.583) votos, con lo cual obtuve la segunda votaci\u00f3n de dicha elecci\u00f3n.<\/em><\/span><\/li>\n<\/ol>\n<p><span style=\"color: #000080;\"><em><strong>\u00a0<\/strong><\/em><\/span><\/p>\n<ol start=\"4\">\n<li><span style=\"color: #000080;\"><em>Es un hecho notorio, el cual est\u00e1 exonerado de prueba, que la campa\u00f1a electoral represent\u00f3 una confrontaci\u00f3n jur\u00eddica y pol\u00edtica, entre el Candidato ganador y mi movimiento y quienes nos apoyaron, producto de la evidente diferencia conceptual, generada por la inestabilidad de las propuestas del Candidato declarado elegido por la Comisi\u00f3n Escrutadora Distrital; as\u00ed como su inhabilidad, tal como lo indic\u00f3 el Sr. Procurador General de la Naci\u00f3n.<\/em><\/span><\/li>\n<li><span style=\"color: #000080;\"><em>Desde que acept\u00e9 el triunfo del candidato Antonio Quinto Guerra, he manifestado mi decisi\u00f3n y la del Partido y movimientos que me apoyaron, de ejercer la oposici\u00f3n al Gobierno del precitado candidato, as\u00ed como un estricto control a sus decisiones de Gobierno.<\/em><\/span><\/li>\n<\/ol>\n<p><span style=\"color: #000080;\"><em><strong>\u00a0<\/strong><\/em><\/span><\/p>\n<p><span style=\"color: #000080;\"><em><strong>FUNDAMENTOS DE DERECHO <\/strong><\/em><\/span><\/p>\n<p><span style=\"color: #000080;\"><em><strong>\u00a0<\/strong><\/em><\/span><\/p>\n<ol>\n<li><span style=\"color: #000080;\"><em>El Acto Legislativo No 2 del 2015 indica en su Art. 1 lo siguiente:<\/em><\/span><\/li>\n<\/ol>\n<p><span style=\"color: #000080;\"><em><strong>\u00a0<\/strong><\/em><\/span><\/p>\n<p><span style=\"color: #000080;\"><em><strong><u>\u201c ART\u00cdCULO 1o.<\/u><\/strong><strong><u>\u00a0<\/u><\/strong><u>Adici\u00f3nense los incisos cuarto, quinto y sexto al art\u00edculo\u00a0<\/u><a style=\"color: #000080;\" href=\"https:\/\/www.secretariasenado.gov.co\/senado\/basedoc\/constitucion_politica_1991_pr003.html#112\" target=\"_blank\" rel=\"noopener\">112<\/a><u>\u00a0de la Constituci\u00f3n Pol\u00edtica, los cuales quedar\u00e1n as\u00ed:<\/u><\/em><\/span><\/p>\n<p><span style=\"color: #000080;\"><em><u>El candidato que le siga en votos a quien la autoridad electoral declare elegido en el cargo de Presidente y Vicepresidente de la Rep\u00fablica, Gobernador de Departamento, Alcalde Distrital y Alcalde municipal tendr\u00e1 el derecho personal a ocupar una curul en el Senado, C\u00e1mara de Representantes, Asamblea Departamental, Concejo Distrital y Concejo Municipal, respectivamente, durante el per\u00edodo de la correspondiente corporaci\u00f3n.<\/u><\/em><\/span><\/p>\n<p><span style=\"color: #000080;\"><em><u>Las curules as\u00ed asignadas en el Senado de la Rep\u00fablica y en la C\u00e1mara de Representantes ser\u00e1n adicionales a las previstas en los art\u00edculos\u00a0<\/u><a style=\"color: #000080;\" href=\"https:\/\/www.secretariasenado.gov.co\/senado\/basedoc\/constitucion_politica_1991_pr005.html#171\" target=\"_blank\" rel=\"noopener\">171<\/a><u>\u00a0y\u00a0<\/u><a style=\"color: #000080;\" href=\"https:\/\/www.secretariasenado.gov.co\/senado\/basedoc\/constitucion_politica_1991_pr005.html#176\" target=\"_blank\" rel=\"noopener\">176<\/a><u>. Las dem\u00e1s curules no aumentar\u00e1n el n\u00famero de miembros de dichas corporaciones.<\/u><\/em><\/span><\/p>\n<p><span style=\"color: #000080;\"><em><u>En caso de no aceptaci\u00f3n de la curul en las corporaciones p\u00fablicas de las entidades territoriales, la misma se asignar\u00e1 de acuerdo con la regla general de asignaci\u00f3n de curules prevista en el art\u00edculo\u00a0<\/u><a style=\"color: #000080;\" href=\"https:\/\/www.secretariasenado.gov.co\/senado\/basedoc\/constitucion_politica_1991_pr008.html#263\" target=\"_blank\" rel=\"noopener\">263<\/a><u>.<\/u><\/em><\/span><\/p>\n<p><span style=\"color: #000080;\"><em><strong><u>PAR\u00c1GRAFO TRANSITORIO.\u00a0<\/u><\/strong><u>La asignaci\u00f3n de las curules mencionadas en este art\u00edculo no ser\u00e1 aplicable para las elecciones celebradas en el a\u00f1o 2015.<\/u><\/em><\/span><\/p>\n<ol start=\"2\">\n<li><span style=\"color: #000080;\"><em>De la lectura de la norma constitucional precitada y la cual fue incorporada al Art 112, por decisi\u00f3n del constituyente derivado en su facultad de reformar la Constituci\u00f3n, se extraen tres requisitos sustanciales y procesales a saber:<\/em><\/span><\/li>\n<\/ol>\n<p>&nbsp;<\/p>\n<p><span style=\"color: #000080;\"><em>&#8211;\u00a0 Ser candidato y seguir en votos al que la autoridad electoral declare elegido<\/em><\/span><\/p>\n<p><span style=\"color: #000080;\"><em>&#8211;\u00a0 Dicha asignaci\u00f3n ser\u00e1 para el periodo del Alcalde Distrital<\/em><\/span><\/p>\n<p><span style=\"color: #000080;\"><em>&#8211; La prohibici\u00f3n para hacer la asignaci\u00f3n en las elecciones del a\u00f1o 2015<\/em><\/span><\/p>\n<p>&nbsp;<\/p>\n<p><span style=\"color: #000080;\"><em>Estos tres presupuestos procesales y sustanciales, son cumplidos de forma clara y sin duda, al fundamentar esta petici\u00f3n; toda vez que soy el candidato que sigue en votaci\u00f3n al elegido Alcalde Distrital, La designaci\u00f3n ser\u00eda para ejercer el ejercicio de oposici\u00f3n y control al periodo at\u00edpico designado, el cual se encuentra dentro del periodo de la Corporaci\u00f3n Concejo Distrital y se pide para una elecci\u00f3n del a\u00f1o 2018.<\/em><\/span><\/p>\n<p>&nbsp;<\/p>\n<p><span style=\"color: #000080;\"><em>El periodo que establece la norma constitucional en este caso, ser\u00e1 el comprendido desde la posesi\u00f3n de Quinto Guerra como Alcalde Distrital, hasta el 1 de enero de 2020, no de otra manera se puede interpretar y darle aplicaci\u00f3n a la norma constitucional, en especial, porque lo que se busca con esta designaci\u00f3n es que el competidor que tuvo mayor votaci\u00f3n ejerza control\u00a0 pol\u00edtico al elegido.<\/em><\/span><\/p>\n<p>&nbsp;<\/p>\n<ol start=\"3\">\n<li><span style=\"color: #000080;\"><em>Es claro que el constituyente derivado al incluir dentro de las normas constitucionales esta prerrogativa, busca de forma clara garantizar el Art. 40 de la C.P. Derecho fundamental el cual la Corte Constitucional, mediante Sentencia T-066 de 2015 manifest\u00f3:<\/em><\/span><\/li>\n<\/ol>\n<p><span style=\"color: #000080;\"><em>\u00a0<\/em><\/span><\/p>\n<p><span style=\"color: #000080;\"><em>\u201cLos derechos pol\u00edticos son instrumentos con los que cuentan los ciudadanos para incidir sobre la estructura y el proceso pol\u00edtico de los cuales hacen parte. Son <u>potestades que surgen en raz\u00f3n de su calidad de ciudadanos<\/u>. Como se\u00f1ala la doctrina, los derechos pol\u00edticos son las \u201ctitularidades de las que se desprenden los mecanismos por medio de los cuales la ciudadan\u00eda se ejerce.\u201d El alcance de los derechos pol\u00edticos depende, entre otros aspectos, de la forma de gobierno adoptada por cada Estado. Conforme a una de las definiciones m\u00e1s tradicionales y aceptadas en la ciencia pol\u00edtica, los derechos pol\u00edticos en los sistemas democr\u00e1ticos deben permitir, como m\u00ednimo, que los ciudadanos elijan a sus gobernantes en elecciones peri\u00f3dicas y competitivas.<\/em><\/span><\/p>\n<p><span style=\"color: #000080;\"><em>\u00a0<\/em><\/span><\/p>\n<p><span style=\"color: #000080;\"><em>Democracia participativa.<\/em><\/span><\/p>\n<p><span style=\"color: #000080;\"><em>De lo contrario, si no existen canales adecuados para que los ciudadanos puedan expresarse y garantizar la efectividad de su mandato, no ser\u00e1 posible sostener el postulado de democracia participativa, pues su capacidad para tener injerencia sobre el gobierno seguir\u00e1 limitada \u00fanicamente a la facultad para depositar su voto para elegir a sus gobernantes.T-066 de 2015<\/em><\/span><\/p>\n<p><span style=\"color: #000080;\"><em>Dentro de estos derechos, se encuentra el Derecho a la Oposici\u00f3n, el cual tanto el constituyente del 91, como el derivado del 2015, pretendi\u00f3 proteger y fomentar, como elemento sustancial del Estado Democr\u00e1tico de Derecho.<\/em><\/span><\/p>\n<p><span style=\"color: #000080;\"><em><strong>\u00a0<\/strong><\/em><\/span><\/p>\n<p><span style=\"color: #000080;\"><em>La Corte Constitucional, mediante Sentencia C-089 de 1994, dispuso:<\/em><\/span><\/p>\n<p>&nbsp;<\/p>\n<p><span style=\"color: #000080;\"><em>\u201cLa oposici\u00f3n pol\u00edtica es una consecuencia directa del <u>valor del pluralismo y del derecho al disenso<\/u>. Los partidos y movimientos est\u00e1n llamados a canalizar el descontento con el objeto de censurar cuando as\u00ed lo estimen conducente las decisiones del gobierno. Desde luego, la complejidad de las demandas sociales y el car\u00e1cter no forzoso de la funci\u00f3n mediatizadora\u00a0de los partidos y movimientos, hacen de la oposici\u00f3n un derecho que no se circunscribe a ellos sino que se extiende a toda la sociedad civil.\u00a0 El derecho a la oposici\u00f3n tambi\u00e9n es manifestaci\u00f3n del derecho a la libertad de expresi\u00f3n. La constituci\u00f3n colombiana consagra la libertad de expresi\u00f3n en su art\u00edculo 20. Otras fuentes del derecho a la oposici\u00f3n se encuentran en las libertades de reuni\u00f3n y asociaci\u00f3n. El r\u00e9gimen de la oposici\u00f3n ha sido previsto en el art\u00edculo 112 de la Constituci\u00f3n Pol\u00edtica. Seg\u00fan el texto constitucional, <u>los partidos y movimientos pol\u00edticos que no participen en el gobierno pueden ejercer libremente la funci\u00f3n cr\u00edtica<\/u>. Es un derecho que tienen aquellos que no hacen parte del Gobierno y tambi\u00e9n de una<u>funci\u00f3n necesaria para el mantenimiento del pluralismo y de la democracia\u201d<\/u>. (\u00c9nfasis fuera de texto)<\/em><\/span><\/p>\n<p><span style=\"color: #000080;\"><em>\u00a0<\/em><\/span><\/p>\n<p><span style=\"color: #000080;\"><em>Como lo se\u00f1ala la Corte, la oposici\u00f3n pol\u00edtica no solo es un derecho, sino que es absolutamente necesario para la democracia, pues es a partir del control p\u00fablico y pol\u00edtico que se puede contar con contrapesos de poder, que ayuden a mantener el equilibrio o a reducir el profundo desequilibrio en las decisiones del gobierno.<\/em><\/span><\/p>\n<ol start=\"4\">\n<li><span style=\"color: #000080;\"><em>Mi labor en la campa\u00f1a fue caracterizada por ejercer una f\u00e9rrea oposici\u00f3n a la pretensi\u00f3n del candidato ganador de querer llegar a la Alcald\u00eda estando inhabilitado, esto, sumado a la inestabilidad que genera su plan de gobierno para la ciudadan\u00eda, ejercer\u00e9 un riguroso control pol\u00edtico a la gesti\u00f3n del mismo como Alcalde Distrital y por lo tanto me he declarado en oposici\u00f3n al mismo.<\/em><\/span><\/li>\n<\/ol>\n<p><span style=\"color: #000080;\"><em>Esta situaci\u00f3n, y el valioso ejercicio de control pol\u00edtico e incluso de oposici\u00f3n que adelantar\u00e9, enriquecer\u00e1 la pol\u00edtica en Cartagena y puede conducir a evitar pol\u00edticas que afectan el inter\u00e9s general y la ciudadan\u00eda.<\/em><\/span><\/p>\n<p>&nbsp;<\/p>\n<ol start=\"5\">\n<li><span style=\"color: #000080;\"><em>S\u00e9 que esta petici\u00f3n es novedosa, pero sobre los l\u00edmites y la aplicaci\u00f3n de este mandato constitucional, su implementaci\u00f3n se debe realizarse en los t\u00e9rminos definidos en la Constituci\u00f3n Pol\u00edtica, y el criterio debe ser el de primac\u00eda de la Constituci\u00f3n, pues cual ser\u00eda el valor normativo de las disposiciones constitucionales si las mismas no pueden aplicarse de manera directa, sin que medie un procedimiento previo.<\/em><\/span><\/li>\n<\/ol>\n<p>&nbsp;<\/p>\n<p><span style=\"color: #000080;\"><em>Tampoco puede restringirse el ejercicio de derechos pol\u00edticos fundamentales y de aplicaci\u00f3n inmediata alegando el vac\u00edo procedimental, pues apelar de dicho fundamento ser\u00eda eliminar todo valor normativo a la Constituci\u00f3n Pol\u00edtica, y entenderla como un conjunto de intenciones, desconociendo su valor normativo y violentando el art\u00edculo 4 y 40 constitucional.<\/em><\/span><\/p>\n<p>&nbsp;<\/p>\n<ol start=\"6\">\n<li><span style=\"color: #000080;\"><em><strong>CONCLUSIONES:<\/strong>FUERZA NORMATIVA DE LA CONSTITUCI\u00d3N Y SUPREMAC\u00cdA CONSTITUCIONAL EN LA APLICACI\u00d3N INMEDIATA DE LA ASIGNACI\u00d3N DE CURULES AL SEGUNDO EN VOTACI\u00d3N<\/em><\/span><\/li>\n<\/ol>\n<p><span style=\"color: #000080;\"><em><strong>\u00a0<\/strong><\/em><\/span><\/p>\n<p><span style=\"color: #000080;\"><em>No hay un elemento que represente mejor el papel de las Constituciones contempor\u00e1neas \u2013de la que se destaca nuestra constituci\u00f3n\u2013 como los principios de supremac\u00eda constitucional y fuerza normativa directa. En efecto, Colombia desde la constituci\u00f3n de 1991 y principalmente gracias a la ardua labor de la jurisprudencia ha logrado consolidar y guardar la supremac\u00eda de la carta, y por lo tanto su fuerza extensiva significa la obligaci\u00f3n de todas las autoridades del Estado de observar y garantizar su cumplimiento, sin que pueda arg\u00fcirse como \u00f3bice para ello la necesidad de normatividad o reglamentaci\u00f3n alguna, principalmente en los aspectos que se encuentra relacionados con los derechos fundamentales. En punto a la fuerza normativa de la constituci\u00f3n el profesor Luis Prieto Sanch\u00eds ha se\u00f1alado:\u00a0<\/em><\/span><\/p>\n<p>&nbsp;<\/p>\n<p><span style=\"color: #000080;\"><em>\u201cEl reconocimiento de la incuestionable fuerza normativa de la constituci\u00f3n como norma suprema. Esto puede parecer una obviedad pero, como ya advertimos en la Introducci\u00f3n, no lo es. En <strong>el marco del constitucionalismo de los derechos, la constituci\u00f3n no se concibe en absoluto como un ejercicio de ret\u00f3rica pol\u00edtica o como expresi\u00f3n de un cat\u00e1logo de buenas intenciones, <u>sino como una norma jur\u00eddica con la misma vocaci\u00f3n conformadora que cualquier otra; mejor dicho, no con la misma, sino con una fuerza superior e indiscutible, pues la constituci\u00f3n ostenta la condici\u00f3n de norma suprema<\/u><\/strong>.\u201d<a style=\"color: #000080;\" name=\"_ftnref1\"><\/a><strong>[1]<\/strong>.<\/em><\/span><\/p>\n<p><span style=\"color: #000080;\"><em><strong>\u00a0<\/strong><\/em><\/span><\/p>\n<p><span style=\"color: #000080;\"><em>Este criterio ha sido acogido por la H. Corte Constitucional que desde sus primeras sentencias<a style=\"color: #000080;\" name=\"_ftnref2\"><\/a>[2]ha reconocido la fuerza normativa inmediata de los contenidos de la constituci\u00f3n y ha ordenado a todos los jueces \u2013especialmente a los jueces constitucionales\u2013 en virtud del Estado Social de Derecho reconocer, aplicar y garantizar el cumplimiento de los c\u00e1nones constitucionales. Sobre este particular la Corte Constitucional recientemente ha se\u00f1alado:<\/em><\/span><\/p>\n<p>&nbsp;<\/p>\n<p><span style=\"color: #000080;\"><em>\u201c<u>El concepto de supremac\u00eda normativa de la Carta Pol\u00edtica es definitorio del Estado Social y constitucional de Derecho<\/u>. <strong>En virtud de la fuerza normativa de la Constituci\u00f3n, las autoridades no solo se hallan sometidas al derecho positivo presidido por la norma superior, en el ejercicio de sus competencias; tambi\u00e9n para la realizaci\u00f3n efectiva de los derechos subjetivos consagrados constitucionalmente, ante dichas autoridades pueden los ciudadanos exigir la realizaci\u00f3n efectiva de los derechos constitucionales,<\/strong>algunos de los cuales son de <strong><u>\u201caplicaci\u00f3n inmediata\u201d -al tenor del art\u00edculo 85 constitucional<\/u><\/strong>-, merced, precisamente, a su fuerza normativa vinculante. De este modo, la supremac\u00eda normativa de las normas constitucionales se erige en un principio clave para la concreci\u00f3n del cat\u00e1logo de derechos fundamentales y la efectividad de los dem\u00e1s derechos consagrados en la Carta Fundamental.\u201d<a style=\"color: #000080;\" name=\"_ftnref3\"><\/a><strong>[3]<\/strong><\/em><\/span><\/p>\n<p><span style=\"color: #000080;\"><em>\u00a0<\/em><\/span><\/p>\n<p><span style=\"color: #000080;\"><em>Adicionalmente a la claridad meridiana con la cual la guardiana constitucional ha reconocido la fuerza normativa de la Constituci\u00f3n Pol\u00edtica de 1991, se incluye adem\u00e1s un elemento de fundamental importancia para la interpretaci\u00f3n de los derechos fundamentales que se debaten en la presente acci\u00f3n, puesto que el constituyen de 1991 decidi\u00f3 otorgar al derecho fundamental de participaci\u00f3n pol\u00edtica \u2013art. 40 superior\u2013 el car\u00e1cter de aplicaci\u00f3n, inmediata, tal y como lo se\u00f1ala el art. 85 de la carta fundamental.<\/em><\/span><\/p>\n<p>&nbsp;<\/p>\n<p><span style=\"color: #000080;\"><em>Dicho lo anterior, es claro que el derecho a la participaci\u00f3n pol\u00edtica es de aplicaci\u00f3n inmediata y comporta \u2013bajo una lectura sistem\u00e1tica y arm\u00f3nica de la carta\u2013 no solamente el contenido del art. 40 superior, sino tambi\u00e9n apartes del art. 112 \u00a0de la constituci\u00f3n, ADICIONADO con el Acto Legislativo No 2 de 2015 , que guarda una inescindible relaci\u00f3n con el contenido nuclear de la participaci\u00f3n pol\u00edtica, a\u00fan m\u00e1s cuando el Constituyente derivado decidi\u00f3 otorgar una curul al segundo en votaci\u00f3n , con el fin de ejercer un control pol\u00edtico y la oposici\u00f3n al candidato ganador, en el periodo de este.<\/em><\/span><\/p>\n<p>&nbsp;<\/p>\n<p><span style=\"color: #000080;\"><em>De lo anterior es claro que si el periodo de la corporaci\u00f3n, coincide con el periodo del Alcalde Distrital elegido en las elecciones del 6 de mayo de 2018, no existe raz\u00f3n o argumento v\u00e1lido para designar la curul solicitada.<\/em><\/span><\/p>\n<p>&nbsp;<\/p>\n<p><span style=\"color: #000080;\"><em><strong>PETICI\u00d3N <\/strong><\/em><\/span><\/p>\n<p><span style=\"color: #000080;\"><em><strong>\u00a0<\/strong><\/em><\/span><\/p>\n<p><span style=\"color: #000080;\"><em>1.- Solicito se\u00f1or Presidente del Concejo Distrital de Cartagena, que oficie a la Registradora Nacional del Estado Civil y que esta certifique que soy el segundo en votaci\u00f3n y en consecuencia se ordene por parte de esta entidad la expedici\u00f3n de mi credencial de Concejal y llamarme a posesionar en dicha corporaci\u00f3n.<\/em><\/span><\/p>\n<p>&nbsp;<\/p>\n<p><span style=\"color: #000080;\"><em><strong>PRUEBAS<\/strong><\/em><\/span><\/p>\n<p><span style=\"color: #000080;\"><em><strong>\u00a0<\/strong><\/em><\/span><\/p>\n<p><span style=\"color: #000080;\"><em>T\u00e9ngase como tales las siguientes.<\/em><\/span><\/p>\n<p>&nbsp;<\/p>\n<ol>\n<li><span style=\"color: #000080;\"><em>Acto Legislativo No 2 del 2015.<\/em><\/span><\/li>\n<li><span style=\"color: #000080;\"><em>E-26 ALC expedido por la Comisi\u00f3n Escrutadora Distrital<\/em><\/span><\/li>\n<li><span style=\"color: #000080;\"><em>Certificado de antecedentes de Polic\u00eda, Contralor\u00eda y Procuradur\u00eda<\/em><\/span><\/li>\n<li><span style=\"color: #000080;\"><em>Inscripci\u00f3n como candidato para periodo At\u00edpico 2018-20120.<\/em><\/span><\/li>\n<li><span style=\"color: #000080;\"><em>Aval del Partido ASI<\/em><\/span><\/li>\n<li><span style=\"color: #000080;\"><em>Cedula de Ciudadan\u00eda.<\/em><\/span><\/li>\n<\/ol>\n<p>&nbsp;<\/p>\n<p>&nbsp;<\/p>\n<p><span style=\"color: #000080;\"><em>Atentamente,<\/em><\/span><\/p>\n<p>&nbsp;<\/p>\n<p>&nbsp;<\/p>\n<p>&nbsp;<\/p>\n<p>&nbsp;<\/p>\n<p><span style=\"color: #000080;\"><em>ANDRES FERNANDO BETANCOURT GONZALEZ<\/em><\/span><\/p>\n<p><span style=\"color: #000080;\"><em>CC No 98.564.106 de Cartagena<\/em><\/span><\/p>\n<p>&nbsp;<\/p>\n<p><span style=\"color: #000080;\"><em>Con copia: Registradur\u00eda Nacional del Estado Civil<\/em><\/span><\/p>\n<p><span style=\"color: #000080;\"><em>\u00a0\u00a0\u00a0\u00a0\u00a0\u00a0\u00a0\u00a0\u00a0\u00a0\u00a0 \u00a0\u00a0\u00a0\u00a0\u00a0\u00a0 Concejo Nacional Electoral<\/em><\/span><\/p>\n<p><span style=\"color: #000080;\"><em><strong>\u00a0<\/strong><\/em><\/span><\/p>\n<p>&nbsp;<\/p>\n<p><span style=\"color: #000080;\"><em><strong>\u00a0<\/strong><\/em><\/span><\/p>\n<p>&nbsp;<\/p>\n<p><span style=\"color: #000080;\"><em><a style=\"color: #000080;\" name=\"_ftn1\"><\/a>[1]<strong>Luis Prieto Sanch\u00eds<\/strong>. El Constitucionalismo de Los Derechos &#8211; Ensayos de Filosof\u00eda Jur\u00eddica. Madrid: Editorial Trotta, 2013.p. 25.<\/em><\/span><\/p>\n<p><span style=\"color: #000080;\"><em><a style=\"color: #000080;\" name=\"_ftn2\"><\/a>[2]<strong>Corte Constitucional<\/strong>, Sentencia T-406 de 1992, Ciro Angarita Bar\u00f3n.<\/em><\/span><\/p>\n<p><span style=\"color: #000080;\"><em><a style=\"color: #000080;\" name=\"_ftn3\"><\/a>[3]<strong>Corte Constitucional<\/strong>, Sentencia C-415 de 2012, Mauricio Gonz\u00e1lez Cuervo.<\/em><\/span><\/p>\n","protected":false},"excerpt":{"rendered":"<p>Los \u00abapellidos\u00bb del Gabinete Nos dimos a la tarea de averiguar su procedencia pol\u00edtica, es decir, qu\u00e9 sector los respalda, o con qu\u00e9 sector se les relaciona, o qu\u00e9 sector los present\u00f3, y entre par\u00e9ntesis colocaremos su \u201capellido\u201d En las Secretar\u00edas encontramos los siguientes nombramientos: Martha Seidel Peralta, Secretaria General (Pedrito Pereira). Elkin Zaith Paz M\u00e1rquez, Secretario Privado (Liberal \u2013 Turbay). William Valderrama Hoyos, Secretario de Hacienda (Montes Claudia Almeida, Secretaria de Educaci\u00f3n (Montes). Claudia del Carmen Anaya Mar\u00edn, Secretaria de Participaci\u00f3n. (Alcalde) Iv\u00e1n Castro, Secretario de Planeaci\u00f3n. (Alcalde) Jorge&#8230; <\/p>\n","protected":false},"author":3,"featured_media":26184,"comment_status":"open","ping_status":"closed","sticky":false,"template":"","format":"standard","meta":{"footnotes":"","_links_to":"","_links_to_target":""},"categories":[75,44,45],"tags":[],"class_list":["post-26183","post","type-post","status-publish","format-standard","has-post-thumbnail","hentry","category-destacada","category-materiagris","category-orbita"],"_links":{"self":[{"href":"https:\/\/revistazetta.com\/index.php?rest_route=\/wp\/v2\/posts\/26183","targetHints":{"allow":["GET"]}}],"collection":[{"href":"https:\/\/revistazetta.com\/index.php?rest_route=\/wp\/v2\/posts"}],"about":[{"href":"https:\/\/revistazetta.com\/index.php?rest_route=\/wp\/v2\/types\/post"}],"author":[{"embeddable":true,"href":"https:\/\/revistazetta.com\/index.php?rest_route=\/wp\/v2\/users\/3"}],"replies":[{"embeddable":true,"href":"https:\/\/revistazetta.com\/index.php?rest_route=%2Fwp%2Fv2%2Fcomments&post=26183"}],"version-history":[{"count":0,"href":"https:\/\/revistazetta.com\/index.php?rest_route=\/wp\/v2\/posts\/26183\/revisions"}],"wp:featuredmedia":[{"embeddable":true,"href":"https:\/\/revistazetta.com\/index.php?rest_route=\/wp\/v2\/media\/26184"}],"wp:attachment":[{"href":"https:\/\/revistazetta.com\/index.php?rest_route=%2Fwp%2Fv2%2Fmedia&parent=26183"}],"wp:term":[{"taxonomy":"category","embeddable":true,"href":"https:\/\/revistazetta.com\/index.php?rest_route=%2Fwp%2Fv2%2Fcategories&post=26183"},{"taxonomy":"post_tag","embeddable":true,"href":"https:\/\/revistazetta.com\/index.php?rest_route=%2Fwp%2Fv2%2Ftags&post=26183"}],"curies":[{"name":"wp","href":"https:\/\/api.w.org\/{rel}","templated":true}]}}