{"id":26185,"date":"2018-05-16T07:54:04","date_gmt":"2018-05-16T12:54:04","guid":{"rendered":"http:\/\/www.revistazetta.com\/?p=26185"},"modified":"2018-05-16T21:46:30","modified_gmt":"2018-05-17T02:46:30","slug":"gabinete-quinto-sin-margen-error","status":"publish","type":"post","link":"https:\/\/revistazetta.com\/?p=26185","title":{"rendered":"Gabinete de Quinto: sin margen de error"},"content":{"rendered":"<p>Como un gabinete experimentado para un gobierno de transici\u00f3n defini\u00f3 el alcalde Quinto Guerra a su equipo de colaboradores.<\/p>\n<p>Predominan hojas de vida con especializaciones y amplia trayectoria; hay amplia presencia de la Mujer; se combina juventud con experiencia, y tambi\u00e9n lo t\u00e9cnico con lo pol\u00edtico.<\/p>\n<p>\u00abConfiamos en la capacidad de estos profesionales para que tengan la sabidur\u00eda necesaria para trabajar por Cartagena\u00bb, expres\u00f3 el nuevo mandatario al presentar a su equipo en un acto registrado en el sal\u00f3n Vicente Mart\u00ednez Martelo del Palacio de la Aduana.<\/p>\n<p>\u201cCon este nuevo equipo, trabajaremos para alcanzar con \u00e9xito cada una de nuestras metas y sentar las bases para la transformaci\u00f3n de Cartagena\u201d, puntualiz\u00f3.<\/p>\n<p>Estos son los cartageneros y cartageneras que conformar\u00e1n el equipo de gobierno \u201cGana Cartagena y Ganamos Todos\u201d.<\/p>\n<p>&nbsp;<\/p>\n<p><strong>En las Secretar\u00edas encontramos los siguientes nombramientos:<\/strong><\/p>\n<p>Martha Seidel Peralta, Secretaria General. Abogada especialista en\u00a0Derecho Contractual\u00a0\u00a0y en Derecho Constitucional.<\/p>\n<p>Elkin Zaith Paz M\u00e1rquez, Secretario Privado. Abogado especialista en Contrataci\u00f3n estatal y derecho administrativo.<\/p>\n<p>William Valderrama Hoyos, Secretario de Hacienda. Contador P\u00fablico especialista en Finanzas P\u00fablicas.<\/p>\n<p>Claudia Almeida, Secretaria de Educaci\u00f3n. Abogada.<\/p>\n<p>Claudia del Carmen Anaya Mar\u00edn, Secretaria de Participaci\u00f3n. Trabajadora Social, especialista\u00a0\u00a0en Gerencia Ambiental.<\/p>\n<p>Iv\u00e1n Castro, Secretario de Planeaci\u00f3n. Arquitecto, especialista en Urbanismo.<\/p>\n<p>Jorge Camilo Carrillo Padr\u00f3n, jefe de la Oficina Jur\u00eddica. Abogado especialista en Derecho Urbano y Derecho Administrativo, magister en Derecho P\u00fablico.<\/p>\n<p>An\u00edbal Ther\u00e1n Tom, jefe Oficina Asesora de Prensa. Comunicador Social y Periodista, con m\u00e1s de 25 a\u00f1os de experiencia en medios de comunicaci\u00f3n.<\/p>\n<p>Cristian Rafael Herazo Miranda, Secretario de Talento Humano. Abogado especialista en derecho administrativo y magister en Gobierno Municipal.<\/p>\n<p>Jacqueline Ortega D\u00edaz, Secretaria de Apoyo Log\u00edstico. Administradora de Empresas,\u00a0especialista en Gerencia de Recurso Humanos, magister en administraci\u00f3n.<\/p>\n<p>Luis Cano Sed\u00e1n, Tesorero. Funcionario de carrera administrativa.<\/p>\n<p>Alejandra Mar\u00eda Campo Iriarte, directora\u00a0del Fondo de Pensiones. Abogada especialista en Seguridad Social, Derecho Laboral y Derecho Constitucional y Derecho Procesal Pensiones.<\/p>\n<p>&nbsp;<\/p>\n<p><strong>Asesores de Despacho<\/strong><\/p>\n<p>Javier Alberto Posada, asesor de Despacho. Abogado especialista\u00a0\u00a0en derecho constitucional.<\/p>\n<p>William Jos\u00e9 L\u00f3pez, asesor de Despacho. Exconcejal. M\u00e9dico Cirujano,\u00a0especialista en Gesti\u00f3n de la Calidad y Auditor\u00eda de Salud.<\/p>\n<p>Rodrigo Vega L\u00f3pez, asesor de Despacho. Abogado especialista en Derecho Comercial y\u00a0\u00a0en Contrataci\u00f3n Estatal.<\/p>\n<p>Geraldine Acu\u00f1a Lascarro, asesora de Despacho (Juventudes). Abogada\u00a0\u00a0especialista en Derecho Administrativo.<\/p>\n<p>Juliana Merlano, asesora de Despacho.<\/p>\n<p>&nbsp;<\/p>\n<p><strong>En los institutos descentralizados<\/strong><\/p>\n<p>Antonio Sagbini, director del DADIS. Odont\u00f3logo, especialista Gerencia en Salud.<\/p>\n<p>\u00c1lvaro Dar\u00edo Vargas Mart\u00ednez, director del EPA. Ingeniero en Minas.<\/p>\n<p>Edinson Garc\u00e9s Rodr\u00edguez, director del IDER, Administraci\u00f3n de Negocios Internacionales.<\/p>\n<p>Rubby del Carmen Mutis, directora del IPCC, Abogada con magister en Educaci\u00f3n.<\/p>\n<p>Jorge Lequerica, director de Valorizaci\u00f3n<\/p>\n<p>Richard Jos\u00e9 G\u00f3mez Mart\u00ednez, director de la UMATA.<\/p>\n<p>M\u00e9dico veterinario, candidato a\u00a0\u00a0magister en Desarrollo Rural.<\/p>\n<p>Robinson Enrique Mena Robles, director de la Escuela de Gobierno.<\/p>\n<p>Administrador de Empresas\u00a0especialista\u00a0\u00a0en An\u00e1lisis y Administraci\u00f3n Financiera, proyectos de Desarrollo, Administraci\u00f3n P\u00fablica y Finanzas P\u00fablicas Magister en Gesti\u00f3n y Direcci\u00f3n de Proyectos.<\/p>\n<p>Luzmila Pertuz Teher\u00e1n, Gerente de la oficina de Espacio P\u00fablico. Abogada especialista en\u00a0contrataci\u00f3n estatal.<\/p>\n<p>&nbsp;<\/p>\n<p>&nbsp;<\/p>\n<p><strong>Ratificados<\/strong><\/p>\n<p>William Garc\u00eda Tirado, gerente de Corvivienda<\/p>\n<p>Yolanda Wong Baldiris, Secretar\u00eda del Interior.<\/p>\n<p>Clara Calder\u00f3n, secretaria de Infraestructura<\/p>\n<p>V\u00edctor Arango, director de Distriseguridad<\/p>\n<div id=\"attachment_26223\" style=\"width: 250px\" class=\"wp-caption alignright\"><img loading=\"lazy\" decoding=\"async\" aria-describedby=\"caption-attachment-26223\" class=\"wp-image-26223 size-medium\" src=\"https:\/\/www.revistazetta.com\/wp-content\/uploads\/2018\/05\/Iv\u00e1n-Castro-240x300.jpg\" alt=\"\" width=\"240\" height=\"300\" srcset=\"https:\/\/revistazetta.com\/wp-content\/uploads\/2018\/05\/Iv\u00e1n-Castro-240x300.jpg 240w, https:\/\/revistazetta.com\/wp-content\/uploads\/2018\/05\/Iv\u00e1n-Castro-117x146.jpg 117w, https:\/\/revistazetta.com\/wp-content\/uploads\/2018\/05\/Iv\u00e1n-Castro-40x50.jpg 40w, https:\/\/revistazetta.com\/wp-content\/uploads\/2018\/05\/Iv\u00e1n-Castro-60x75.jpg 60w, https:\/\/revistazetta.com\/wp-content\/uploads\/2018\/05\/Iv\u00e1n-Castro.jpg 640w\" sizes=\"auto, (max-width: 240px) 100vw, 240px\" \/><p id=\"caption-attachment-26223\" class=\"wp-caption-text\">Iv\u00e1n Castro, Secretario de Planeaci\u00f3n<\/p><\/div>\n<div id=\"attachment_26190\" style=\"width: 250px\" class=\"wp-caption alignright\"><img loading=\"lazy\" decoding=\"async\" aria-describedby=\"caption-attachment-26190\" class=\"wp-image-26190 size-medium\" src=\"https:\/\/www.revistazetta.com\/wp-content\/uploads\/2018\/05\/Clara-Calder\u00f3n-240x300.jpg\" alt=\"\" width=\"240\" height=\"300\" srcset=\"https:\/\/revistazetta.com\/wp-content\/uploads\/2018\/05\/Clara-Calder\u00f3n-240x300.jpg 240w, https:\/\/revistazetta.com\/wp-content\/uploads\/2018\/05\/Clara-Calder\u00f3n-117x146.jpg 117w, https:\/\/revistazetta.com\/wp-content\/uploads\/2018\/05\/Clara-Calder\u00f3n-40x50.jpg 40w, https:\/\/revistazetta.com\/wp-content\/uploads\/2018\/05\/Clara-Calder\u00f3n-60x75.jpg 60w, https:\/\/revistazetta.com\/wp-content\/uploads\/2018\/05\/Clara-Calder\u00f3n.jpg 640w\" sizes=\"auto, (max-width: 240px) 100vw, 240px\" \/><p id=\"caption-attachment-26190\" class=\"wp-caption-text\">Clara Calder\u00f3n, ratificada en Infraestructura.<\/p><\/div>\n<div id=\"attachment_26189\" style=\"width: 250px\" class=\"wp-caption alignright\"><img loading=\"lazy\" decoding=\"async\" aria-describedby=\"caption-attachment-26189\" class=\"wp-image-26189 size-medium\" src=\"https:\/\/www.revistazetta.com\/wp-content\/uploads\/2018\/05\/Antonio-Sagbini-1-240x300.jpg\" alt=\"\" width=\"240\" height=\"300\" srcset=\"https:\/\/revistazetta.com\/wp-content\/uploads\/2018\/05\/Antonio-Sagbini-1-240x300.jpg 240w, https:\/\/revistazetta.com\/wp-content\/uploads\/2018\/05\/Antonio-Sagbini-1-117x146.jpg 117w, https:\/\/revistazetta.com\/wp-content\/uploads\/2018\/05\/Antonio-Sagbini-1-40x50.jpg 40w, https:\/\/revistazetta.com\/wp-content\/uploads\/2018\/05\/Antonio-Sagbini-1-60x75.jpg 60w, https:\/\/revistazetta.com\/wp-content\/uploads\/2018\/05\/Antonio-Sagbini-1.jpg 640w\" sizes=\"auto, (max-width: 240px) 100vw, 240px\" \/><p id=\"caption-attachment-26189\" class=\"wp-caption-text\">Antonio Sagbini, director del DADIS<\/p><\/div>\n<div id=\"attachment_26188\" style=\"width: 250px\" class=\"wp-caption alignright\"><img loading=\"lazy\" decoding=\"async\" aria-describedby=\"caption-attachment-26188\" class=\"wp-image-26188 size-medium\" src=\"https:\/\/www.revistazetta.com\/wp-content\/uploads\/2018\/05\/An\u00edbal-Ter\u00e1n-Tom-m-240x300.jpg\" alt=\"\" width=\"240\" height=\"300\" srcset=\"https:\/\/revistazetta.com\/wp-content\/uploads\/2018\/05\/An\u00edbal-Ter\u00e1n-Tom-m-240x300.jpg 240w, https:\/\/revistazetta.com\/wp-content\/uploads\/2018\/05\/An\u00edbal-Ter\u00e1n-Tom-m-117x146.jpg 117w, https:\/\/revistazetta.com\/wp-content\/uploads\/2018\/05\/An\u00edbal-Ter\u00e1n-Tom-m-40x50.jpg 40w, https:\/\/revistazetta.com\/wp-content\/uploads\/2018\/05\/An\u00edbal-Ter\u00e1n-Tom-m-60x75.jpg 60w, https:\/\/revistazetta.com\/wp-content\/uploads\/2018\/05\/An\u00edbal-Ter\u00e1n-Tom-m.jpg 640w\" sizes=\"auto, (max-width: 240px) 100vw, 240px\" \/><p id=\"caption-attachment-26188\" class=\"wp-caption-text\">An\u00edbal Ther\u00e1n Tom, jefe Oficina Asesora de Prensa<\/p><\/div>\n<div id=\"attachment_26187\" style=\"width: 250px\" class=\"wp-caption alignright\"><img loading=\"lazy\" decoding=\"async\" aria-describedby=\"caption-attachment-26187\" class=\"wp-image-26187 size-medium\" src=\"https:\/\/www.revistazetta.com\/wp-content\/uploads\/2018\/05\/Alejandra-Campo-iriarte-240x300.jpg\" alt=\"\" width=\"240\" height=\"300\" srcset=\"https:\/\/revistazetta.com\/wp-content\/uploads\/2018\/05\/Alejandra-Campo-iriarte-240x300.jpg 240w, https:\/\/revistazetta.com\/wp-content\/uploads\/2018\/05\/Alejandra-Campo-iriarte-117x146.jpg 117w, https:\/\/revistazetta.com\/wp-content\/uploads\/2018\/05\/Alejandra-Campo-iriarte-40x50.jpg 40w, https:\/\/revistazetta.com\/wp-content\/uploads\/2018\/05\/Alejandra-Campo-iriarte-60x75.jpg 60w, https:\/\/revistazetta.com\/wp-content\/uploads\/2018\/05\/Alejandra-Campo-iriarte.jpg 640w\" sizes=\"auto, (max-width: 240px) 100vw, 240px\" \/><p id=\"caption-attachment-26187\" class=\"wp-caption-text\">Alejandra Mar\u00eda Campo Iriarte, directora\u00a0del Fondo de Pensiones.<\/p><\/div>\n<div id=\"attachment_26197\" style=\"width: 250px\" class=\"wp-caption alignright\"><img loading=\"lazy\" decoding=\"async\" aria-describedby=\"caption-attachment-26197\" class=\"wp-image-26197 size-medium\" src=\"https:\/\/www.revistazetta.com\/wp-content\/uploads\/2018\/05\/Javier-Posada-Meola-240x300.jpg\" alt=\"\" width=\"240\" height=\"300\" srcset=\"https:\/\/revistazetta.com\/wp-content\/uploads\/2018\/05\/Javier-Posada-Meola-240x300.jpg 240w, https:\/\/revistazetta.com\/wp-content\/uploads\/2018\/05\/Javier-Posada-Meola-117x146.jpg 117w, https:\/\/revistazetta.com\/wp-content\/uploads\/2018\/05\/Javier-Posada-Meola-40x50.jpg 40w, https:\/\/revistazetta.com\/wp-content\/uploads\/2018\/05\/Javier-Posada-Meola-60x75.jpg 60w, https:\/\/revistazetta.com\/wp-content\/uploads\/2018\/05\/Javier-Posada-Meola.jpg 640w\" sizes=\"auto, (max-width: 240px) 100vw, 240px\" \/><p id=\"caption-attachment-26197\" class=\"wp-caption-text\">Javier Alberto Posada, asesor de Despacho<\/p><\/div>\n<div id=\"attachment_26193\" style=\"width: 250px\" class=\"wp-caption alignright\"><img loading=\"lazy\" decoding=\"async\" aria-describedby=\"caption-attachment-26193\" class=\"wp-image-26193 size-medium\" src=\"https:\/\/www.revistazetta.com\/wp-content\/uploads\/2018\/05\/Edinson-Garc\u00e9s-240x300.jpg\" alt=\"\" width=\"240\" height=\"300\" srcset=\"https:\/\/revistazetta.com\/wp-content\/uploads\/2018\/05\/Edinson-Garc\u00e9s-240x300.jpg 240w, https:\/\/revistazetta.com\/wp-content\/uploads\/2018\/05\/Edinson-Garc\u00e9s-117x146.jpg 117w, https:\/\/revistazetta.com\/wp-content\/uploads\/2018\/05\/Edinson-Garc\u00e9s-40x50.jpg 40w, https:\/\/revistazetta.com\/wp-content\/uploads\/2018\/05\/Edinson-Garc\u00e9s-60x75.jpg 60w, https:\/\/revistazetta.com\/wp-content\/uploads\/2018\/05\/Edinson-Garc\u00e9s.jpg 640w\" sizes=\"auto, (max-width: 240px) 100vw, 240px\" \/><p id=\"caption-attachment-26193\" class=\"wp-caption-text\">Edinson Garc\u00e9s Rodr\u00edguez, director del IDER<\/p><\/div>\n<div id=\"attachment_26195\" style=\"width: 250px\" class=\"wp-caption alignright\"><img loading=\"lazy\" decoding=\"async\" aria-describedby=\"caption-attachment-26195\" class=\"wp-image-26195 size-medium\" src=\"https:\/\/www.revistazetta.com\/wp-content\/uploads\/2018\/05\/Geraldine-Acu\u00f1a-1-240x300.jpg\" alt=\"\" width=\"240\" height=\"300\" srcset=\"https:\/\/revistazetta.com\/wp-content\/uploads\/2018\/05\/Geraldine-Acu\u00f1a-1-240x300.jpg 240w, https:\/\/revistazetta.com\/wp-content\/uploads\/2018\/05\/Geraldine-Acu\u00f1a-1-117x146.jpg 117w, https:\/\/revistazetta.com\/wp-content\/uploads\/2018\/05\/Geraldine-Acu\u00f1a-1-40x50.jpg 40w, https:\/\/revistazetta.com\/wp-content\/uploads\/2018\/05\/Geraldine-Acu\u00f1a-1-60x75.jpg 60w, https:\/\/revistazetta.com\/wp-content\/uploads\/2018\/05\/Geraldine-Acu\u00f1a-1.jpg 640w\" sizes=\"auto, (max-width: 240px) 100vw, 240px\" \/><p id=\"caption-attachment-26195\" class=\"wp-caption-text\">Geraldine Acu\u00f1a Lascarro, asesora de Despacho (Juventudes)<\/p><\/div>\n<div id=\"attachment_26200\" style=\"width: 250px\" class=\"wp-caption alignright\"><img loading=\"lazy\" decoding=\"async\" aria-describedby=\"caption-attachment-26200\" class=\"wp-image-26200 size-medium\" src=\"https:\/\/www.revistazetta.com\/wp-content\/uploads\/2018\/05\/Luzmila-Pertuz-Teher\u00e1n-240x300.jpg\" alt=\"\" width=\"240\" height=\"300\" srcset=\"https:\/\/revistazetta.com\/wp-content\/uploads\/2018\/05\/Luzmila-Pertuz-Teher\u00e1n-240x300.jpg 240w, https:\/\/revistazetta.com\/wp-content\/uploads\/2018\/05\/Luzmila-Pertuz-Teher\u00e1n-117x146.jpg 117w, https:\/\/revistazetta.com\/wp-content\/uploads\/2018\/05\/Luzmila-Pertuz-Teher\u00e1n-40x50.jpg 40w, https:\/\/revistazetta.com\/wp-content\/uploads\/2018\/05\/Luzmila-Pertuz-Teher\u00e1n-60x75.jpg 60w, https:\/\/revistazetta.com\/wp-content\/uploads\/2018\/05\/Luzmila-Pertuz-Teher\u00e1n.jpg 640w\" sizes=\"auto, (max-width: 240px) 100vw, 240px\" \/><p id=\"caption-attachment-26200\" class=\"wp-caption-text\">Luzmila Pertuz Teher\u00e1n, Gerente de la oficina de Espacio P\u00fablico<\/p><\/div>\n<div id=\"attachment_26201\" style=\"width: 310px\" class=\"wp-caption alignright\"><img loading=\"lazy\" decoding=\"async\" aria-describedby=\"caption-attachment-26201\" class=\"wp-image-26201 size-medium\" src=\"https:\/\/www.revistazetta.com\/wp-content\/uploads\/2018\/05\/Protoolo-300x188.jpg\" alt=\"\" width=\"300\" height=\"188\" srcset=\"https:\/\/revistazetta.com\/wp-content\/uploads\/2018\/05\/Protoolo-300x188.jpg 300w, https:\/\/revistazetta.com\/wp-content\/uploads\/2018\/05\/Protoolo.jpg 1024w, https:\/\/revistazetta.com\/wp-content\/uploads\/2018\/05\/Protoolo-234x146.jpg 234w, https:\/\/revistazetta.com\/wp-content\/uploads\/2018\/05\/Protoolo-50x31.jpg 50w, https:\/\/revistazetta.com\/wp-content\/uploads\/2018\/05\/Protoolo-120x75.jpg 120w\" sizes=\"auto, (max-width: 300px) 100vw, 300px\" \/><p id=\"caption-attachment-26201\" class=\"wp-caption-text\">Giselle Mar\u00edn, Protocolo.<\/p><\/div>\n<div id=\"attachment_26198\" style=\"width: 250px\" class=\"wp-caption alignright\"><img loading=\"lazy\" decoding=\"async\" aria-describedby=\"caption-attachment-26198\" class=\"wp-image-26198 size-medium\" src=\"https:\/\/www.revistazetta.com\/wp-content\/uploads\/2018\/05\/Jorge-lequerica-240x300.jpg\" alt=\"\" width=\"240\" height=\"300\" srcset=\"https:\/\/revistazetta.com\/wp-content\/uploads\/2018\/05\/Jorge-lequerica-240x300.jpg 240w, https:\/\/revistazetta.com\/wp-content\/uploads\/2018\/05\/Jorge-lequerica-117x146.jpg 117w, https:\/\/revistazetta.com\/wp-content\/uploads\/2018\/05\/Jorge-lequerica-40x50.jpg 40w, https:\/\/revistazetta.com\/wp-content\/uploads\/2018\/05\/Jorge-lequerica-60x75.jpg 60w, https:\/\/revistazetta.com\/wp-content\/uploads\/2018\/05\/Jorge-lequerica.jpg 640w\" sizes=\"auto, (max-width: 240px) 100vw, 240px\" \/><p id=\"caption-attachment-26198\" class=\"wp-caption-text\">Jorge Lequerica, director de Valorizaci\u00f3n<\/p><\/div>\n<div id=\"attachment_26203\" style=\"width: 250px\" class=\"wp-caption alignright\"><img loading=\"lazy\" decoding=\"async\" aria-describedby=\"caption-attachment-26203\" class=\"wp-image-26203 size-medium\" src=\"https:\/\/www.revistazetta.com\/wp-content\/uploads\/2018\/05\/R\u00f3binson-Mena-240x300.jpg\" alt=\"\" width=\"240\" height=\"300\" srcset=\"https:\/\/revistazetta.com\/wp-content\/uploads\/2018\/05\/R\u00f3binson-Mena-240x300.jpg 240w, https:\/\/revistazetta.com\/wp-content\/uploads\/2018\/05\/R\u00f3binson-Mena-117x146.jpg 117w, https:\/\/revistazetta.com\/wp-content\/uploads\/2018\/05\/R\u00f3binson-Mena-40x50.jpg 40w, https:\/\/revistazetta.com\/wp-content\/uploads\/2018\/05\/R\u00f3binson-Mena-60x75.jpg 60w, https:\/\/revistazetta.com\/wp-content\/uploads\/2018\/05\/R\u00f3binson-Mena.jpg 640w\" sizes=\"auto, (max-width: 240px) 100vw, 240px\" \/><p id=\"caption-attachment-26203\" class=\"wp-caption-text\">Robinson Enrique Mena Robles, director de la Escuela de Gobierno.<\/p><\/div>\n<div id=\"attachment_26208\" style=\"width: 250px\" class=\"wp-caption alignright\"><img loading=\"lazy\" decoding=\"async\" aria-describedby=\"caption-attachment-26208\" class=\"wp-image-26208 size-medium\" src=\"https:\/\/www.revistazetta.com\/wp-content\/uploads\/2018\/05\/Yolanda-Wong-240x300.jpg\" alt=\"\" width=\"240\" height=\"300\" srcset=\"https:\/\/revistazetta.com\/wp-content\/uploads\/2018\/05\/Yolanda-Wong-240x300.jpg 240w, https:\/\/revistazetta.com\/wp-content\/uploads\/2018\/05\/Yolanda-Wong-117x146.jpg 117w, https:\/\/revistazetta.com\/wp-content\/uploads\/2018\/05\/Yolanda-Wong-40x50.jpg 40w, https:\/\/revistazetta.com\/wp-content\/uploads\/2018\/05\/Yolanda-Wong-60x75.jpg 60w, https:\/\/revistazetta.com\/wp-content\/uploads\/2018\/05\/Yolanda-Wong.jpg 640w\" sizes=\"auto, (max-width: 240px) 100vw, 240px\" \/><p id=\"caption-attachment-26208\" class=\"wp-caption-text\">Yolanda Wong Baldiris, ratificada en Secretar\u00eda del Interior.<\/p><\/div>\n<div id=\"attachment_26202\" style=\"width: 250px\" class=\"wp-caption alignright\"><img loading=\"lazy\" decoding=\"async\" aria-describedby=\"caption-attachment-26202\" class=\"wp-image-26202 size-medium\" src=\"https:\/\/www.revistazetta.com\/wp-content\/uploads\/2018\/05\/Richard-G\u00f3mez-Mart\u00ednez-2-240x300.jpg\" alt=\"\" width=\"240\" height=\"300\" srcset=\"https:\/\/revistazetta.com\/wp-content\/uploads\/2018\/05\/Richard-G\u00f3mez-Mart\u00ednez-2-240x300.jpg 240w, https:\/\/revistazetta.com\/wp-content\/uploads\/2018\/05\/Richard-G\u00f3mez-Mart\u00ednez-2-117x146.jpg 117w, https:\/\/revistazetta.com\/wp-content\/uploads\/2018\/05\/Richard-G\u00f3mez-Mart\u00ednez-2-40x50.jpg 40w, https:\/\/revistazetta.com\/wp-content\/uploads\/2018\/05\/Richard-G\u00f3mez-Mart\u00ednez-2-60x75.jpg 60w, https:\/\/revistazetta.com\/wp-content\/uploads\/2018\/05\/Richard-G\u00f3mez-Mart\u00ednez-2.jpg 640w\" sizes=\"auto, (max-width: 240px) 100vw, 240px\" \/><p id=\"caption-attachment-26202\" class=\"wp-caption-text\">Richard Jos\u00e9 G\u00f3mez Mart\u00ednez, director de la UMATA.<\/p><\/div>\n<div id=\"attachment_26204\" style=\"width: 250px\" class=\"wp-caption alignright\"><img loading=\"lazy\" decoding=\"async\" aria-describedby=\"caption-attachment-26204\" class=\"wp-image-26204 size-medium\" src=\"https:\/\/www.revistazetta.com\/wp-content\/uploads\/2018\/05\/Rodrigo-Vega-L\u00f3pez-240x300.jpg\" alt=\"\" width=\"240\" height=\"300\" srcset=\"https:\/\/revistazetta.com\/wp-content\/uploads\/2018\/05\/Rodrigo-Vega-L\u00f3pez-240x300.jpg 240w, https:\/\/revistazetta.com\/wp-content\/uploads\/2018\/05\/Rodrigo-Vega-L\u00f3pez-117x146.jpg 117w, https:\/\/revistazetta.com\/wp-content\/uploads\/2018\/05\/Rodrigo-Vega-L\u00f3pez-40x50.jpg 40w, https:\/\/revistazetta.com\/wp-content\/uploads\/2018\/05\/Rodrigo-Vega-L\u00f3pez-60x75.jpg 60w, https:\/\/revistazetta.com\/wp-content\/uploads\/2018\/05\/Rodrigo-Vega-L\u00f3pez.jpg 640w\" sizes=\"auto, (max-width: 240px) 100vw, 240px\" \/><p id=\"caption-attachment-26204\" class=\"wp-caption-text\">\u00c1lvaro Dar\u00edo Vargas Mart\u00ednez, director del EPA.<\/p><\/div>\n<div id=\"attachment_26205\" style=\"width: 250px\" class=\"wp-caption alignright\"><img loading=\"lazy\" decoding=\"async\" aria-describedby=\"caption-attachment-26205\" class=\"wp-image-26205 size-medium\" src=\"https:\/\/www.revistazetta.com\/wp-content\/uploads\/2018\/05\/Ruby-Mutis-2-240x300.jpg\" alt=\"\" width=\"240\" height=\"300\" srcset=\"https:\/\/revistazetta.com\/wp-content\/uploads\/2018\/05\/Ruby-Mutis-2-240x300.jpg 240w, https:\/\/revistazetta.com\/wp-content\/uploads\/2018\/05\/Ruby-Mutis-2-117x146.jpg 117w, https:\/\/revistazetta.com\/wp-content\/uploads\/2018\/05\/Ruby-Mutis-2-40x50.jpg 40w, https:\/\/revistazetta.com\/wp-content\/uploads\/2018\/05\/Ruby-Mutis-2-60x75.jpg 60w, https:\/\/revistazetta.com\/wp-content\/uploads\/2018\/05\/Ruby-Mutis-2.jpg 640w\" sizes=\"auto, (max-width: 240px) 100vw, 240px\" \/><p id=\"caption-attachment-26205\" class=\"wp-caption-text\">Rubby del Carmen Mutis, directora del IPCC<\/p><\/div>\n<div id=\"attachment_26206\" style=\"width: 250px\" class=\"wp-caption alignright\"><img loading=\"lazy\" decoding=\"async\" aria-describedby=\"caption-attachment-26206\" class=\"wp-image-26206 size-medium\" src=\"https:\/\/www.revistazetta.com\/wp-content\/uploads\/2018\/05\/William-L\u00f3pez-240x300.jpg\" alt=\"\" width=\"240\" height=\"300\" srcset=\"https:\/\/revistazetta.com\/wp-content\/uploads\/2018\/05\/William-L\u00f3pez-240x300.jpg 240w, https:\/\/revistazetta.com\/wp-content\/uploads\/2018\/05\/William-L\u00f3pez-117x146.jpg 117w, https:\/\/revistazetta.com\/wp-content\/uploads\/2018\/05\/William-L\u00f3pez-40x50.jpg 40w, https:\/\/revistazetta.com\/wp-content\/uploads\/2018\/05\/William-L\u00f3pez-60x75.jpg 60w, https:\/\/revistazetta.com\/wp-content\/uploads\/2018\/05\/William-L\u00f3pez.jpg 640w\" sizes=\"auto, (max-width: 240px) 100vw, 240px\" \/><p id=\"caption-attachment-26206\" class=\"wp-caption-text\">William Jos\u00e9 L\u00f3pez, asesor de Despacho<\/p><\/div>\n<div id=\"attachment_26199\" style=\"width: 250px\" class=\"wp-caption alignright\"><img loading=\"lazy\" decoding=\"async\" aria-describedby=\"caption-attachment-26199\" class=\"wp-image-26199 size-medium\" src=\"https:\/\/www.revistazetta.com\/wp-content\/uploads\/2018\/05\/Luis-Cano-Sen\u00e1n-1-240x300.jpg\" alt=\"\" width=\"240\" height=\"300\" srcset=\"https:\/\/revistazetta.com\/wp-content\/uploads\/2018\/05\/Luis-Cano-Sen\u00e1n-1-240x300.jpg 240w, https:\/\/revistazetta.com\/wp-content\/uploads\/2018\/05\/Luis-Cano-Sen\u00e1n-1-117x146.jpg 117w, https:\/\/revistazetta.com\/wp-content\/uploads\/2018\/05\/Luis-Cano-Sen\u00e1n-1-40x50.jpg 40w, https:\/\/revistazetta.com\/wp-content\/uploads\/2018\/05\/Luis-Cano-Sen\u00e1n-1-60x75.jpg 60w, https:\/\/revistazetta.com\/wp-content\/uploads\/2018\/05\/Luis-Cano-Sen\u00e1n-1.jpg 640w\" sizes=\"auto, (max-width: 240px) 100vw, 240px\" \/><p id=\"caption-attachment-26199\" class=\"wp-caption-text\">Luis Cano Sed\u00e1n, Tesorero.<\/p><\/div>\n<div id=\"attachment_26192\" style=\"width: 250px\" class=\"wp-caption alignright\"><img loading=\"lazy\" decoding=\"async\" aria-describedby=\"caption-attachment-26192\" class=\"wp-image-26192 size-medium\" src=\"https:\/\/www.revistazetta.com\/wp-content\/uploads\/2018\/05\/Cristian-Herazo-240x300.jpg\" alt=\"\" width=\"240\" height=\"300\" srcset=\"https:\/\/revistazetta.com\/wp-content\/uploads\/2018\/05\/Cristian-Herazo-240x300.jpg 240w, https:\/\/revistazetta.com\/wp-content\/uploads\/2018\/05\/Cristian-Herazo-117x146.jpg 117w, https:\/\/revistazetta.com\/wp-content\/uploads\/2018\/05\/Cristian-Herazo-40x50.jpg 40w, https:\/\/revistazetta.com\/wp-content\/uploads\/2018\/05\/Cristian-Herazo-60x75.jpg 60w, https:\/\/revistazetta.com\/wp-content\/uploads\/2018\/05\/Cristian-Herazo.jpg 640w\" sizes=\"auto, (max-width: 240px) 100vw, 240px\" \/><p id=\"caption-attachment-26192\" class=\"wp-caption-text\">Cristian Rafael Herazo Miranda, Secretario de Talento Humano<\/p><\/div>\n<div id=\"attachment_26196\" style=\"width: 250px\" class=\"wp-caption alignright\"><img loading=\"lazy\" decoding=\"async\" aria-describedby=\"caption-attachment-26196\" class=\"wp-image-26196 size-medium\" src=\"https:\/\/www.revistazetta.com\/wp-content\/uploads\/2018\/05\/Jackeline-Ortega-240x300.jpg\" alt=\"\" width=\"240\" height=\"300\" srcset=\"https:\/\/revistazetta.com\/wp-content\/uploads\/2018\/05\/Jackeline-Ortega-240x300.jpg 240w, https:\/\/revistazetta.com\/wp-content\/uploads\/2018\/05\/Jackeline-Ortega-117x146.jpg 117w, https:\/\/revistazetta.com\/wp-content\/uploads\/2018\/05\/Jackeline-Ortega-40x50.jpg 40w, https:\/\/revistazetta.com\/wp-content\/uploads\/2018\/05\/Jackeline-Ortega-60x75.jpg 60w, https:\/\/revistazetta.com\/wp-content\/uploads\/2018\/05\/Jackeline-Ortega.jpg 640w\" sizes=\"auto, (max-width: 240px) 100vw, 240px\" \/><p id=\"caption-attachment-26196\" class=\"wp-caption-text\">Jacqueline Ortega D\u00edaz, Secretaria de Apoyo Log\u00edstico.<\/p><\/div>\n<div id=\"attachment_26191\" style=\"width: 250px\" class=\"wp-caption alignright\"><img loading=\"lazy\" decoding=\"async\" aria-describedby=\"caption-attachment-26191\" class=\"wp-image-26191 size-medium\" src=\"https:\/\/www.revistazetta.com\/wp-content\/uploads\/2018\/05\/Claudia-Anaya-Mar\u00edn-240x300.jpg\" alt=\"\" width=\"240\" height=\"300\" srcset=\"https:\/\/revistazetta.com\/wp-content\/uploads\/2018\/05\/Claudia-Anaya-Mar\u00edn-240x300.jpg 240w, https:\/\/revistazetta.com\/wp-content\/uploads\/2018\/05\/Claudia-Anaya-Mar\u00edn-117x146.jpg 117w, https:\/\/revistazetta.com\/wp-content\/uploads\/2018\/05\/Claudia-Anaya-Mar\u00edn-40x50.jpg 40w, https:\/\/revistazetta.com\/wp-content\/uploads\/2018\/05\/Claudia-Anaya-Mar\u00edn-60x75.jpg 60w, https:\/\/revistazetta.com\/wp-content\/uploads\/2018\/05\/Claudia-Anaya-Mar\u00edn.jpg 640w\" sizes=\"auto, (max-width: 240px) 100vw, 240px\" \/><p id=\"caption-attachment-26191\" class=\"wp-caption-text\">Claudia del Carmen Anaya Mar\u00edn, Secretaria de Participaci\u00f3n<\/p><\/div>\n<div id=\"attachment_26207\" style=\"width: 250px\" class=\"wp-caption alignright\"><img loading=\"lazy\" decoding=\"async\" aria-describedby=\"caption-attachment-26207\" class=\"wp-image-26207 size-medium\" src=\"https:\/\/www.revistazetta.com\/wp-content\/uploads\/2018\/05\/William-Valderrama-240x300.jpg\" alt=\"\" width=\"240\" height=\"300\" srcset=\"https:\/\/revistazetta.com\/wp-content\/uploads\/2018\/05\/William-Valderrama-240x300.jpg 240w, https:\/\/revistazetta.com\/wp-content\/uploads\/2018\/05\/William-Valderrama-117x146.jpg 117w, https:\/\/revistazetta.com\/wp-content\/uploads\/2018\/05\/William-Valderrama-40x50.jpg 40w, https:\/\/revistazetta.com\/wp-content\/uploads\/2018\/05\/William-Valderrama-60x75.jpg 60w, https:\/\/revistazetta.com\/wp-content\/uploads\/2018\/05\/William-Valderrama.jpg 640w\" sizes=\"auto, (max-width: 240px) 100vw, 240px\" \/><p id=\"caption-attachment-26207\" class=\"wp-caption-text\">William Valderrama Hoyos, Secretario de Hacienda<\/p><\/div>\n<div id=\"attachment_26194\" style=\"width: 250px\" class=\"wp-caption alignright\"><img loading=\"lazy\" decoding=\"async\" aria-describedby=\"caption-attachment-26194\" class=\"wp-image-26194 size-medium\" src=\"https:\/\/www.revistazetta.com\/wp-content\/uploads\/2018\/05\/Elkin-Paz-240x300.jpg\" alt=\"\" width=\"240\" height=\"300\" srcset=\"https:\/\/revistazetta.com\/wp-content\/uploads\/2018\/05\/Elkin-Paz-240x300.jpg 240w, https:\/\/revistazetta.com\/wp-content\/uploads\/2018\/05\/Elkin-Paz-117x146.jpg 117w, https:\/\/revistazetta.com\/wp-content\/uploads\/2018\/05\/Elkin-Paz-40x50.jpg 40w, https:\/\/revistazetta.com\/wp-content\/uploads\/2018\/05\/Elkin-Paz-60x75.jpg 60w, https:\/\/revistazetta.com\/wp-content\/uploads\/2018\/05\/Elkin-Paz.jpg 640w\" sizes=\"auto, (max-width: 240px) 100vw, 240px\" \/><p id=\"caption-attachment-26194\" class=\"wp-caption-text\">Elkin Zaith Paz M\u00e1rquez, Secretario Privado<\/p><\/div>\n","protected":false},"excerpt":{"rendered":"<p>Como un gabinete experimentado para un gobierno de transici\u00f3n defini\u00f3 el alcalde Quinto Guerra a su equipo de colaboradores. Predominan hojas de vida con especializaciones y amplia trayectoria; hay amplia presencia de la Mujer; se combina juventud con experiencia, y tambi\u00e9n lo t\u00e9cnico con lo pol\u00edtico. \u00abConfiamos en la capacidad de estos profesionales para que tengan la sabidur\u00eda necesaria para trabajar por Cartagena\u00bb, expres\u00f3 el nuevo mandatario al presentar a su equipo en un acto registrado en el sal\u00f3n Vicente Mart\u00ednez Martelo del Palacio de la Aduana. \u201cCon este nuevo&#8230; <\/p>\n","protected":false},"author":3,"featured_media":26186,"comment_status":"open","ping_status":"closed","sticky":false,"template":"","format":"standard","meta":{"footnotes":"","_links_to":"","_links_to_target":""},"categories":[75,32],"tags":[],"class_list":["post-26185","post","type-post","status-publish","format-standard","has-post-thumbnail","hentry","category-destacada","category-actualidad-distrito"],"_links":{"self":[{"href":"https:\/\/revistazetta.com\/index.php?rest_route=\/wp\/v2\/posts\/26185","targetHints":{"allow":["GET"]}}],"collection":[{"href":"https:\/\/revistazetta.com\/index.php?rest_route=\/wp\/v2\/posts"}],"about":[{"href":"https:\/\/revistazetta.com\/index.php?rest_route=\/wp\/v2\/types\/post"}],"author":[{"embeddable":true,"href":"https:\/\/revistazetta.com\/index.php?rest_route=\/wp\/v2\/users\/3"}],"replies":[{"embeddable":true,"href":"https:\/\/revistazetta.com\/index.php?rest_route=%2Fwp%2Fv2%2Fcomments&post=26185"}],"version-history":[{"count":0,"href":"https:\/\/revistazetta.com\/index.php?rest_route=\/wp\/v2\/posts\/26185\/revisions"}],"wp:featuredmedia":[{"embeddable":true,"href":"https:\/\/revistazetta.com\/index.php?rest_route=\/wp\/v2\/media\/26186"}],"wp:attachment":[{"href":"https:\/\/revistazetta.com\/index.php?rest_route=%2Fwp%2Fv2%2Fmedia&parent=26185"}],"wp:term":[{"taxonomy":"category","embeddable":true,"href":"https:\/\/revistazetta.com\/index.php?rest_route=%2Fwp%2Fv2%2Fcategories&post=26185"},{"taxonomy":"post_tag","embeddable":true,"href":"https:\/\/revistazetta.com\/index.php?rest_route=%2Fwp%2Fv2%2Ftags&post=26185"}],"curies":[{"name":"wp","href":"https:\/\/api.w.org\/{rel}","templated":true}]}}