{"id":26213,"date":"2018-05-16T11:42:27","date_gmt":"2018-05-16T16:42:27","guid":{"rendered":"http:\/\/www.revistazetta.com\/?p=26213"},"modified":"2018-05-16T11:42:27","modified_gmt":"2018-05-16T16:42:27","slug":"gran-alianza-concejos-principales-ciudades","status":"publish","type":"post","link":"https:\/\/revistazetta.com\/?p=26213","title":{"rendered":"Gran Alianza de Concejos de principales ciudades"},"content":{"rendered":"<p>El Concejo de Cartagena de Indias es uno de los art\u00edfices de la Gran Alianza de Concejos, que crea una ruta de trabajo com\u00fan en temas transversales para las corporaciones de Barranquilla, Cali, Pereira, Medell\u00edn, Bogot\u00e1, Bucaramanga y Cartagena.<\/p>\n<p>Asiste el presidente del Concejo de Cartagena, Wilson Toncel Ochoa, quien present\u00f3 las prioridades que tiene la ciudad en materia de megaproyectos, necesarios para mejorar las condiciones de vida de los cartageneros.<\/p>\n<p>La Gran Alianza de Concejos se adelanta este mi\u00e9rcoles en las instalaciones del Concejo de Bogot\u00e1.<\/p>\n<p>Toncel Ochoa manifest\u00f3 su complacencia por ser parte de este grupo de presidentes de Concejos que juntos podr\u00e1n buscar soluciones conjuntas y acertadas a las problem\u00e1ticas comunes que presentan estas ciudades.<\/p>\n<p>\u201cPara Cartagena, esta es una oportunidad de crecer en desarrollo, de llegar mas f\u00e1cilmente al nivel nacional y es para el Concejo una gran oportunidad para intercambiar ideas, conocer modelos de trabajo y poder seguir en el camino del redise\u00f1o de esta Corporaci\u00f3n.<\/p>\n<p>Acompa\u00f1aron al Presidente del Concejo de Cartagena, los cabildantes Javier Curi y Cesar Pi\u00f3n, quienes han asistido con ideas claras para trabajar por Cartagena y de la mano de los dem\u00e1s Concejos, que al congregarse tocar\u00e1n puertas, realizar\u00e1n sesiones conjuntas y buscar\u00e1n soluciones r\u00e1pidas y certeras para las ciudades capitales.<span class=\"Apple-converted-space\">\u00a0<\/span><\/p>\n<p>A juicio de Toncel Ochoa, eventos como estos le permiten al Concejo Distrital mostrar que esta al pie de la vanguardia y que sigue trabajando en pro de Cartagena, para hacer de Cartagena una ciudad equitativa, sostenible y en progreso.<\/p>\n","protected":false},"excerpt":{"rendered":"<p>El Concejo de Cartagena de Indias es uno de los art\u00edfices de la Gran Alianza de Concejos, que crea una ruta de trabajo com\u00fan en temas transversales para las corporaciones de Barranquilla, Cali, Pereira, Medell\u00edn, Bogot\u00e1, Bucaramanga y Cartagena. Asiste el presidente del Concejo de Cartagena, Wilson Toncel Ochoa, quien present\u00f3 las prioridades que tiene la ciudad en materia de megaproyectos, necesarios para mejorar las condiciones de vida de los cartageneros. La Gran Alianza de Concejos se adelanta este mi\u00e9rcoles en las instalaciones del Concejo de Bogot\u00e1. Toncel Ochoa manifest\u00f3&#8230; <\/p>\n","protected":false},"author":3,"featured_media":26214,"comment_status":"open","ping_status":"closed","sticky":false,"template":"","format":"standard","meta":{"footnotes":"","_links_to":"","_links_to_target":""},"categories":[75,27,4],"tags":[],"class_list":["post-26213","post","type-post","status-publish","format-standard","has-post-thumbnail","hentry","category-destacada","category-politicaconcejo","category-politica"],"_links":{"self":[{"href":"https:\/\/revistazetta.com\/index.php?rest_route=\/wp\/v2\/posts\/26213","targetHints":{"allow":["GET"]}}],"collection":[{"href":"https:\/\/revistazetta.com\/index.php?rest_route=\/wp\/v2\/posts"}],"about":[{"href":"https:\/\/revistazetta.com\/index.php?rest_route=\/wp\/v2\/types\/post"}],"author":[{"embeddable":true,"href":"https:\/\/revistazetta.com\/index.php?rest_route=\/wp\/v2\/users\/3"}],"replies":[{"embeddable":true,"href":"https:\/\/revistazetta.com\/index.php?rest_route=%2Fwp%2Fv2%2Fcomments&post=26213"}],"version-history":[{"count":0,"href":"https:\/\/revistazetta.com\/index.php?rest_route=\/wp\/v2\/posts\/26213\/revisions"}],"wp:featuredmedia":[{"embeddable":true,"href":"https:\/\/revistazetta.com\/index.php?rest_route=\/wp\/v2\/media\/26214"}],"wp:attachment":[{"href":"https:\/\/revistazetta.com\/index.php?rest_route=%2Fwp%2Fv2%2Fmedia&parent=26213"}],"wp:term":[{"taxonomy":"category","embeddable":true,"href":"https:\/\/revistazetta.com\/index.php?rest_route=%2Fwp%2Fv2%2Fcategories&post=26213"},{"taxonomy":"post_tag","embeddable":true,"href":"https:\/\/revistazetta.com\/index.php?rest_route=%2Fwp%2Fv2%2Ftags&post=26213"}],"curies":[{"name":"wp","href":"https:\/\/api.w.org\/{rel}","templated":true}]}}