{"id":26215,"date":"2018-05-16T19:31:36","date_gmt":"2018-05-17T00:31:36","guid":{"rendered":"http:\/\/www.revistazetta.com\/?p=26215"},"modified":"2018-05-16T19:31:36","modified_gmt":"2018-05-17T00:31:36","slug":"clemencia-vargas-cautiva-voto-la-juventud-cartagenera-favor-papa-german-vargas","status":"publish","type":"post","link":"https:\/\/revistazetta.com\/?p=26215","title":{"rendered":"Clemencia Vargas cautiva el voto de la juventud cartagenera a favor su pap\u00e1 Germ\u00e1n Vargas"},"content":{"rendered":"<p><img loading=\"lazy\" decoding=\"async\" class=\"alignright size-medium wp-image-26217\" src=\"https:\/\/www.revistazetta.com\/wp-content\/uploads\/2018\/05\/Baila-7-300x188.jpg\" alt=\"\" width=\"300\" height=\"188\" srcset=\"https:\/\/revistazetta.com\/wp-content\/uploads\/2018\/05\/Baila-7-300x188.jpg 300w, https:\/\/revistazetta.com\/wp-content\/uploads\/2018\/05\/Baila-7.jpg 1024w, https:\/\/revistazetta.com\/wp-content\/uploads\/2018\/05\/Baila-7-234x146.jpg 234w, https:\/\/revistazetta.com\/wp-content\/uploads\/2018\/05\/Baila-7-50x31.jpg 50w, https:\/\/revistazetta.com\/wp-content\/uploads\/2018\/05\/Baila-7-120x75.jpg 120w\" sizes=\"auto, (max-width: 300px) 100vw, 300px\" \/>Con m\u00e1s mil j\u00f3venes cartageneros se reuni\u00f3 durante este mi\u00e9rcoles Clemencia Vargas, hija del candidato presidencial Germ\u00e1n Vargas Lleras, en diferentes eventos desarrollados en universidades, con grupos culturales y en barrios tradicionales de la Heroica.<\/p>\n<p>Con el carisma que la caracteriza, Clemencia congreg\u00f3 varios\u00a0 grupos culturales y de baile en la Plaza de la Paz y los puso a bailar al mejor ritmo caribe\u00f1o. Luego almorz\u00f3 con j\u00f3venes emprendedores del departamento.<\/p>\n<p>\u00abA los j\u00f3venes decirle que en gobierno de mi pap\u00e1 van a mejorar sus oportunidades, \u00e9l est\u00e1 pensando en nosotros, en trabajar para dejar un mejor pa\u00eds para todos\u00bb, puntualiz\u00f3 Clemencia Vargas.<\/p>\n<p><img loading=\"lazy\" decoding=\"async\" class=\"alignright size-medium wp-image-26218\" src=\"https:\/\/www.revistazetta.com\/wp-content\/uploads\/2018\/05\/Clemencia-8-240x300.jpg\" alt=\"\" width=\"240\" height=\"300\" srcset=\"https:\/\/revistazetta.com\/wp-content\/uploads\/2018\/05\/Clemencia-8-240x300.jpg 240w, https:\/\/revistazetta.com\/wp-content\/uploads\/2018\/05\/Clemencia-8-117x146.jpg 117w, https:\/\/revistazetta.com\/wp-content\/uploads\/2018\/05\/Clemencia-8-40x50.jpg 40w, https:\/\/revistazetta.com\/wp-content\/uploads\/2018\/05\/Clemencia-8-60x75.jpg 60w, https:\/\/revistazetta.com\/wp-content\/uploads\/2018\/05\/Clemencia-8.jpg 640w\" sizes=\"auto, (max-width: 240px) 100vw, 240px\" \/>As\u00ed mismo, estuvo liderando la toma tres universidades en la ciudad, donde el estudiantado manifest\u00f3 estar a favor de Vargas Lleras por ser el candidato que tiene\u00a0 el programa de gobierno m\u00e1s aterrizado\u00a0 para las necesidades que tiene la Colombia hoy.<\/p>\n<p>La marat\u00f3nica agenda finaliz\u00f3 con una visita puerta a puerta en los barrios Blas de Lezo y San Pedro, en la cual Clemencia les cont\u00f3 a los residentes de una manera sencilla el porqu\u00e9 deben apoyar en las urnas el pr\u00f3ximo 27 de mayo a su pap\u00e1.<\/p>\n<p>Para Mar\u00eda Luc\u00eda Amador,\u00a0 joven de San Pedro, Clemencia sabe vender a su pap\u00e1 y\u00a0\u00a0es una joven a la que luego de escucharla la gente se convence de necesidad de acompa\u00f1ar a Germ\u00e1n.<\/p>\n<p><iframe loading=\"lazy\" title=\"Clemencia Vargas en Cartagena\" width=\"500\" height=\"281\" src=\"https:\/\/www.youtube.com\/embed\/m2OLIrTrdPA?feature=oembed\" frameborder=\"0\" allow=\"accelerometer; autoplay; clipboard-write; encrypted-media; gyroscope; picture-in-picture; web-share\" referrerpolicy=\"strict-origin-when-cross-origin\" allowfullscreen><\/iframe><\/p>\n","protected":false},"excerpt":{"rendered":"<p>Con m\u00e1s mil j\u00f3venes cartageneros se reuni\u00f3 durante este mi\u00e9rcoles Clemencia Vargas, hija del candidato presidencial Germ\u00e1n Vargas Lleras, en diferentes eventos desarrollados en universidades, con grupos culturales y en barrios tradicionales de la Heroica. Con el carisma que la caracteriza, Clemencia congreg\u00f3 varios\u00a0 grupos culturales y de baile en la Plaza de la Paz y los puso a bailar al mejor ritmo caribe\u00f1o. Luego almorz\u00f3 con j\u00f3venes emprendedores del departamento. \u00abA los j\u00f3venes decirle que en gobierno de mi pap\u00e1 van a mejorar sus oportunidades, \u00e9l est\u00e1 pensando en&#8230; <\/p>\n","protected":false},"author":3,"featured_media":26219,"comment_status":"open","ping_status":"closed","sticky":false,"template":"","format":"standard","meta":{"footnotes":"","_links_to":"","_links_to_target":""},"categories":[75,4],"tags":[],"class_list":["post-26215","post","type-post","status-publish","format-standard","has-post-thumbnail","hentry","category-destacada","category-politica"],"_links":{"self":[{"href":"https:\/\/revistazetta.com\/index.php?rest_route=\/wp\/v2\/posts\/26215","targetHints":{"allow":["GET"]}}],"collection":[{"href":"https:\/\/revistazetta.com\/index.php?rest_route=\/wp\/v2\/posts"}],"about":[{"href":"https:\/\/revistazetta.com\/index.php?rest_route=\/wp\/v2\/types\/post"}],"author":[{"embeddable":true,"href":"https:\/\/revistazetta.com\/index.php?rest_route=\/wp\/v2\/users\/3"}],"replies":[{"embeddable":true,"href":"https:\/\/revistazetta.com\/index.php?rest_route=%2Fwp%2Fv2%2Fcomments&post=26215"}],"version-history":[{"count":0,"href":"https:\/\/revistazetta.com\/index.php?rest_route=\/wp\/v2\/posts\/26215\/revisions"}],"wp:featuredmedia":[{"embeddable":true,"href":"https:\/\/revistazetta.com\/index.php?rest_route=\/wp\/v2\/media\/26219"}],"wp:attachment":[{"href":"https:\/\/revistazetta.com\/index.php?rest_route=%2Fwp%2Fv2%2Fmedia&parent=26215"}],"wp:term":[{"taxonomy":"category","embeddable":true,"href":"https:\/\/revistazetta.com\/index.php?rest_route=%2Fwp%2Fv2%2Fcategories&post=26215"},{"taxonomy":"post_tag","embeddable":true,"href":"https:\/\/revistazetta.com\/index.php?rest_route=%2Fwp%2Fv2%2Ftags&post=26215"}],"curies":[{"name":"wp","href":"https:\/\/api.w.org\/{rel}","templated":true}]}}