{"id":26220,"date":"2018-05-16T21:34:13","date_gmt":"2018-05-17T02:34:13","guid":{"rendered":"http:\/\/www.revistazetta.com\/?p=26220"},"modified":"2018-05-16T21:34:13","modified_gmt":"2018-05-17T02:34:13","slug":"150-familias-arjona-se-benefician-del-programa-negocio","status":"publish","type":"post","link":"https:\/\/revistazetta.com\/?p=26220","title":{"rendered":"150 familias de Arjona se benefician del programa \u00abMi Negocio\u00bb"},"content":{"rendered":"<div dir=\"auto\"><b><\/b>En el municipio de Arjona inici\u00f3 el proceso de socializaci\u00f3n del Programa \u00abMi Negocio\u00bb a los emprendedores que se encuentran preseleccionados.\u00a0 Este programa del Departamento para la Prosperidad Social \u2013DPS-, llega al municipio gracias a la gesti\u00f3n realizada por el gobierno de \u201cArjona S\u00ed Avanza\u201d, en cabeza de su alcaldesa Esther Mar\u00eda Jalilie y busca generar oportunidades de ingresos a las familias arjoneras.<\/div>\n<div dir=\"auto\"><\/div>\n<div dir=\"auto\">Este programa beneficiar\u00e1 a 150 familias en el fortalecimiento de sus proyectos productivos o ideas de negocio, a trav\u00e9s de un proceso de capacitaci\u00f3n y formaci\u00f3n en tem\u00e1ticas empresariales. Posterior se realizar\u00e1 la capitalizaci\u00f3n con la entrega de hasta 2 millones de pesos en herramientas e insumos por parte del programa.<\/div>\n<div dir=\"auto\"><\/div>\n<div dir=\"auto\">La alcaldesa de Arjona, Esther Mar\u00eda Jalilie Garc\u00eda manifest\u00f3 estar muy contentos por la puesta en marcha de este programa en el municipio, ya que muchas familias arjoneras tendr\u00e1n la oportunidad de generar ingresos y por ende mejorar su calidad de vida.<\/div>\n<div dir=\"auto\"><\/div>\n<div dir=\"auto\">Recordamos que las personas preseleccionadas cumplieron con los requisitos estipulados por el programa como: vivir en el caso urbano del municipio, ser SISBEN I y II, pertenecer a los programas de Red Unidos, M\u00e1s Familias en Acci\u00f3n, tener entre 18 y 65 a\u00f1os de edad y ser v\u00edctima del conflicto por desplazamiento forzado.<\/div>\n<div dir=\"auto\"><\/div>\n<div dir=\"auto\">Una vez se entregados los insumos, el programa finaliza con un acompa\u00f1amiento personalizado a los beneficiarios, con visitas de asistencia t\u00e9cnica con el fin de realizar seguimiento al funcionamiento y desarrollo de los negocios.<\/div>\n","protected":false},"excerpt":{"rendered":"<p>En el municipio de Arjona inici\u00f3 el proceso de socializaci\u00f3n del Programa \u00abMi Negocio\u00bb a los emprendedores que se encuentran preseleccionados.\u00a0 Este programa del Departamento para la Prosperidad Social \u2013DPS-, llega al municipio gracias a la gesti\u00f3n realizada por el gobierno de \u201cArjona S\u00ed Avanza\u201d, en cabeza de su alcaldesa Esther Mar\u00eda Jalilie y busca generar oportunidades de ingresos a las familias arjoneras. Este programa beneficiar\u00e1 a 150 familias en el fortalecimiento de sus proyectos productivos o ideas de negocio, a trav\u00e9s de un proceso de capacitaci\u00f3n y formaci\u00f3n en&#8230; <\/p>\n","protected":false},"author":3,"featured_media":26221,"comment_status":"open","ping_status":"closed","sticky":false,"template":"","format":"standard","meta":{"footnotes":"","_links_to":"","_links_to_target":""},"categories":[80,83],"tags":[],"class_list":["post-26220","post","type-post","status-publish","format-standard","has-post-thumbnail","hentry","category-region","category-municipios"],"_links":{"self":[{"href":"https:\/\/revistazetta.com\/index.php?rest_route=\/wp\/v2\/posts\/26220","targetHints":{"allow":["GET"]}}],"collection":[{"href":"https:\/\/revistazetta.com\/index.php?rest_route=\/wp\/v2\/posts"}],"about":[{"href":"https:\/\/revistazetta.com\/index.php?rest_route=\/wp\/v2\/types\/post"}],"author":[{"embeddable":true,"href":"https:\/\/revistazetta.com\/index.php?rest_route=\/wp\/v2\/users\/3"}],"replies":[{"embeddable":true,"href":"https:\/\/revistazetta.com\/index.php?rest_route=%2Fwp%2Fv2%2Fcomments&post=26220"}],"version-history":[{"count":0,"href":"https:\/\/revistazetta.com\/index.php?rest_route=\/wp\/v2\/posts\/26220\/revisions"}],"wp:featuredmedia":[{"embeddable":true,"href":"https:\/\/revistazetta.com\/index.php?rest_route=\/wp\/v2\/media\/26221"}],"wp:attachment":[{"href":"https:\/\/revistazetta.com\/index.php?rest_route=%2Fwp%2Fv2%2Fmedia&parent=26220"}],"wp:term":[{"taxonomy":"category","embeddable":true,"href":"https:\/\/revistazetta.com\/index.php?rest_route=%2Fwp%2Fv2%2Fcategories&post=26220"},{"taxonomy":"post_tag","embeddable":true,"href":"https:\/\/revistazetta.com\/index.php?rest_route=%2Fwp%2Fv2%2Ftags&post=26220"}],"curies":[{"name":"wp","href":"https:\/\/api.w.org\/{rel}","templated":true}]}}