{"id":26226,"date":"2018-05-16T22:05:36","date_gmt":"2018-05-17T03:05:36","guid":{"rendered":"http:\/\/www.revistazetta.com\/?p=26226"},"modified":"2018-05-16T22:05:36","modified_gmt":"2018-05-17T03:05:36","slug":"institucion-educativa-fernandez-baena-sera-la-mejor-cartagena-quinto","status":"publish","type":"post","link":"https:\/\/revistazetta.com\/?p=26226","title":{"rendered":"\u201cInstituci\u00f3n Educativa Fern\u00e1ndez Baena ser\u00e1 la mejor de Cartagena\u201d: Quinto"},"content":{"rendered":"<blockquote><p><strong><em><u>\u201cNo m\u00e1s abandono para la educaci\u00f3n de Cartagena. Nuestros ni\u00f1os y j\u00f3venes merecen escuelas dignas que los impulsen a construir una mejor Cartagena\u201d: Antonio Quinto Guerra, alcalde de Cartagena<\/u><\/em><\/strong><\/p><\/blockquote>\n<p>El alcalde de Cartagena, Antonio Quinto Guerra Varela, visit\u00f3 la Instituci\u00f3n Educativa Alberto El\u00edas Fern\u00e1ndez Baena, uno de los tantos colegios en Cartagena con obras inconclusas que requieren intervenci\u00f3n pronta y a largo plazo, y se comprometi\u00f3 en darle soluci\u00f3n al problema para no seguir perjudicando a los alumnos que llevan dos semanas sin asistir a clases.<\/p>\n<p>\u201cTomaremos las acciones correspondientes para que los estudiantes de la I.E Alberto El\u00edas Fern\u00e1ndez Baena vuelvan a clases prontamente y con ello,\u00a0\u00a0plantear una soluci\u00f3n definitiva a la problem\u00e1tica constante de aulas y espacios acad\u00e9micos en mal estado en los que la comunidad acad\u00e9mica convive durante el a\u00f1o escolar. Este gobierno est\u00e1 comprometido con mejorar las condiciones educativas y\u00a0\u00a0la cobertura\u201d, explic\u00f3 Guerra Varela.<\/p>\n<p>El mandatario se comprometi\u00f3 a solicitar la documentaci\u00f3n jur\u00eddica y copia del proceso fiscal para buscar el conducto legal que permita finalizar las obras inconclusas en las que el Distrito ya invirti\u00f3 y que beneficiar\u00edan a m\u00e1s de 780 estudiantes, para que sean terminadas.<\/p>\n<p>\u201cAdem\u00e1s, quiero recordar que la Empresa de Desarrollo Urbano de Bol\u00edvar (EDURBE S.A:) dej\u00f3 inconclusas otras obras hace nueve a\u00f1os, pero buscaremos la forma de culminarlas, apelando a las acciones jur\u00eddicas del caso\u201d, dijo Quinto Guerra.<\/p>\n<p>\u201cEsta es una instituci\u00f3n de tradici\u00f3n para los cartageneros y con esta intervenci\u00f3n buscamos devolverle la gloria. A trav\u00e9s de la Secretar\u00eda de Educaci\u00f3n vigilaremos minuciosamente los procesos que nos permitan agilizar la rehabilitaci\u00f3n del plantel y la construcci\u00f3n de 18 aulas, cuya obra se encuentra inconclusa\u201d, indic\u00f3 el Mandatario.<\/p>\n<p>Por su parte Dilia Mar\u00edn, rectora de la Instituci\u00f3n Educativa El\u00edas Fern\u00e1ndez Baena, dijo estar muy agradecida por la visita del Alcalde, quien tuvo en cuenta a nuestra instituci\u00f3n educativa. \u201cEs de mucha agrado para nosotros que haya venido y comprometido a dar soluci\u00f3n pronta que permita que los estudiantes puedan volver a recibir sus clases\u201d.<\/p>\n<p>Representantes de la Junta de Acci\u00f3n Comunal pidieron celeridad en la entrega de las obras.<\/p>\n","protected":false},"excerpt":{"rendered":"<p>\u201cNo m\u00e1s abandono para la educaci\u00f3n de Cartagena. Nuestros ni\u00f1os y j\u00f3venes merecen escuelas dignas que los impulsen a construir una mejor Cartagena\u201d: Antonio Quinto Guerra, alcalde de Cartagena El alcalde de Cartagena, Antonio Quinto Guerra Varela, visit\u00f3 la Instituci\u00f3n Educativa Alberto El\u00edas Fern\u00e1ndez Baena, uno de los tantos colegios en Cartagena con obras inconclusas que requieren intervenci\u00f3n pronta y a largo plazo, y se comprometi\u00f3 en darle soluci\u00f3n al problema para no seguir perjudicando a los alumnos que llevan dos semanas sin asistir a clases. \u201cTomaremos las acciones correspondientes&#8230; <\/p>\n","protected":false},"author":3,"featured_media":26227,"comment_status":"open","ping_status":"closed","sticky":false,"template":"","format":"standard","meta":{"footnotes":"","_links_to":"","_links_to_target":""},"categories":[75,86,32],"tags":[],"class_list":["post-26226","post","type-post","status-publish","format-standard","has-post-thumbnail","hentry","category-destacada","category-comunidad","category-actualidad-distrito"],"_links":{"self":[{"href":"https:\/\/revistazetta.com\/index.php?rest_route=\/wp\/v2\/posts\/26226","targetHints":{"allow":["GET"]}}],"collection":[{"href":"https:\/\/revistazetta.com\/index.php?rest_route=\/wp\/v2\/posts"}],"about":[{"href":"https:\/\/revistazetta.com\/index.php?rest_route=\/wp\/v2\/types\/post"}],"author":[{"embeddable":true,"href":"https:\/\/revistazetta.com\/index.php?rest_route=\/wp\/v2\/users\/3"}],"replies":[{"embeddable":true,"href":"https:\/\/revistazetta.com\/index.php?rest_route=%2Fwp%2Fv2%2Fcomments&post=26226"}],"version-history":[{"count":0,"href":"https:\/\/revistazetta.com\/index.php?rest_route=\/wp\/v2\/posts\/26226\/revisions"}],"wp:featuredmedia":[{"embeddable":true,"href":"https:\/\/revistazetta.com\/index.php?rest_route=\/wp\/v2\/media\/26227"}],"wp:attachment":[{"href":"https:\/\/revistazetta.com\/index.php?rest_route=%2Fwp%2Fv2%2Fmedia&parent=26226"}],"wp:term":[{"taxonomy":"category","embeddable":true,"href":"https:\/\/revistazetta.com\/index.php?rest_route=%2Fwp%2Fv2%2Fcategories&post=26226"},{"taxonomy":"post_tag","embeddable":true,"href":"https:\/\/revistazetta.com\/index.php?rest_route=%2Fwp%2Fv2%2Ftags&post=26226"}],"curies":[{"name":"wp","href":"https:\/\/api.w.org\/{rel}","templated":true}]}}