{"id":26230,"date":"2018-05-18T08:55:49","date_gmt":"2018-05-18T13:55:49","guid":{"rendered":"http:\/\/www.revistazetta.com\/?p=26230"},"modified":"2018-05-18T08:55:49","modified_gmt":"2018-05-18T13:55:49","slug":"orbita-politica-john-zamora-viernes-18-mayo","status":"publish","type":"post","link":"https:\/\/revistazetta.com\/?p=26230","title":{"rendered":"\u00d3rbita Pol\u00edtica de John Zamora \u2013 viernes 18 de mayo"},"content":{"rendered":"<p><strong>Posesiones y extras en nueva fecha<\/strong><\/p>\n<p>Este viernes la agenda ten\u00eda dos actos importantes: la posesi\u00f3n del nuevo gabinete distrital, y la instalaci\u00f3n de sesiones extras del Concejo. Ninguno de los dos se cumpli\u00f3. El primero por las dificultades que han tenido algunos designados, bien sea porque el titular no ha querido renunciar y est\u00e1 atornillado al cargo as\u00ed la ley de garant\u00edas lo proteja; otros porque no han allegado todos los documentos; otros porque han surgido dudas jur\u00eddicas sobre su habilitaci\u00f3n al cargo\u2026 Respecto del Concejo, se posterg\u00f3 la apertura de extras porque a\u00fan no estaban listos los ajustes a los proyectos de acuerdo, en parte porque el sector del gabinete responsable a\u00fan no est\u00e1 posesionado.<\/p>\n<p>&nbsp;<\/p>\n<p><strong>Efecto Hidroituango<\/strong><\/p>\n<p>La situaci\u00f3n de orden p\u00fablico en el sur de Bol\u00edvar, atizada por acciones del ELN, por la presencia de mafias, por la siembra de coca, entre otras situaciones, ser\u00eda analizada en profundo en un gran Consejo de Seguridad al que estaba confirmada la presencia del ministro de Defensa y del Fiscal General de la Naci\u00f3n, inclusivo. Ser\u00eda el 21 de mayo en Mompox, pero debi\u00f3 postergarse a una fecha posterior a la elecci\u00f3n presidencial, debido a que la atenci\u00f3n del Gobierno nacional y de la Fuerza P\u00fablica est\u00e1 centrada en atender la grave situaci\u00f3n de Hidroituango, y las consecuencias que podr\u00eda tener una crecida del r\u00edo Cauca, confirm\u00f3 el gobernador Dumek Turbay.<\/p>\n<p>&nbsp;<\/p>\n<p><strong>Rendici\u00f3n de cuentas en Unibac<\/strong><\/p>\n<p>El martes 29 de mayo se program\u00f3 la audiencia p\u00fablica para la rendici\u00f3n de cuentas en la que se presentar\u00e1 el informe de gesti\u00f3n de 2017 de la Instituci\u00f3n Universitaria Bellas Artes y Ciencias de Bol\u00edvar \u2013Unibac-. al frente estar\u00e1 la rectora de la entidad, Sacra Nader.<\/p>\n","protected":false},"excerpt":{"rendered":"<p>Posesiones y extras en nueva fecha Este viernes la agenda ten\u00eda dos actos importantes: la posesi\u00f3n del nuevo gabinete distrital, y la instalaci\u00f3n de sesiones extras del Concejo. Ninguno de los dos se cumpli\u00f3. El primero por las dificultades que han tenido algunos designados, bien sea porque el titular no ha querido renunciar y est\u00e1 atornillado al cargo as\u00ed la ley de garant\u00edas lo proteja; otros porque no han allegado todos los documentos; otros porque han surgido dudas jur\u00eddicas sobre su habilitaci\u00f3n al cargo\u2026 Respecto del Concejo, se posterg\u00f3 la&#8230; <\/p>\n","protected":false},"author":3,"featured_media":26231,"comment_status":"open","ping_status":"closed","sticky":false,"template":"","format":"standard","meta":{"footnotes":"","_links_to":"","_links_to_target":""},"categories":[75,47,44,45],"tags":[],"class_list":["post-26230","post","type-post","status-publish","format-standard","has-post-thumbnail","hentry","category-destacada","category-john-zamora","category-materiagris","category-orbita"],"_links":{"self":[{"href":"https:\/\/revistazetta.com\/index.php?rest_route=\/wp\/v2\/posts\/26230","targetHints":{"allow":["GET"]}}],"collection":[{"href":"https:\/\/revistazetta.com\/index.php?rest_route=\/wp\/v2\/posts"}],"about":[{"href":"https:\/\/revistazetta.com\/index.php?rest_route=\/wp\/v2\/types\/post"}],"author":[{"embeddable":true,"href":"https:\/\/revistazetta.com\/index.php?rest_route=\/wp\/v2\/users\/3"}],"replies":[{"embeddable":true,"href":"https:\/\/revistazetta.com\/index.php?rest_route=%2Fwp%2Fv2%2Fcomments&post=26230"}],"version-history":[{"count":0,"href":"https:\/\/revistazetta.com\/index.php?rest_route=\/wp\/v2\/posts\/26230\/revisions"}],"wp:featuredmedia":[{"embeddable":true,"href":"https:\/\/revistazetta.com\/index.php?rest_route=\/wp\/v2\/media\/26231"}],"wp:attachment":[{"href":"https:\/\/revistazetta.com\/index.php?rest_route=%2Fwp%2Fv2%2Fmedia&parent=26230"}],"wp:term":[{"taxonomy":"category","embeddable":true,"href":"https:\/\/revistazetta.com\/index.php?rest_route=%2Fwp%2Fv2%2Fcategories&post=26230"},{"taxonomy":"post_tag","embeddable":true,"href":"https:\/\/revistazetta.com\/index.php?rest_route=%2Fwp%2Fv2%2Ftags&post=26230"}],"curies":[{"name":"wp","href":"https:\/\/api.w.org\/{rel}","templated":true}]}}