{"id":26232,"date":"2018-05-18T09:20:22","date_gmt":"2018-05-18T14:20:22","guid":{"rendered":"http:\/\/www.revistazetta.com\/?p=26232"},"modified":"2018-05-19T07:47:39","modified_gmt":"2018-05-19T12:47:39","slug":"megaobras-cartagena-megareto-fany-guerrero","status":"publish","type":"post","link":"https:\/\/revistazetta.com\/?p=26232","title":{"rendered":"Megaobras para Cartagena, megareto para Fanny Guerrero"},"content":{"rendered":"<p>La ingeniera electricista Fanny Guerrero Maya dejar\u00e1 de ser vicepresidente de Promoci\u00f3n y Fomento de la Agencia Nacional de Miner\u00eda para conducir los megaproyectos de Cartagena, en una decisi\u00f3n concertada del alcalde Quinto Guerra con sectores gremiales y productivos de la ciudad.<\/p>\n<p>Cartagena de Indias tiene varios mega retos que tiene que articular con el gobierno nacional, como la defensa costera, y que exigen el cumplimiento de una agenda y un liderazgo espec\u00edfico, diferente de las complicadas responsabilidades de cada Secretar\u00eda.<\/p>\n<p>El alcalde Guerra Varela hab\u00eda indicado que estaba conversando con los gremios de Cartagena para escoger una persona que asumiera esa misi\u00f3n, en una gerencia especializada de megaproyectos, que tuviera \u201ccapacidad de vuelo\u201d ante el Gobierno Nacional y de comprobada experiencia y liderazgo. Revista Zetta pudo establecer que entre las personas consideradas tambi\u00e9n estuvieron otras dos mujeres: Alicia Bozzi y Vivian Eljaiek.<\/p>\n<p>Guerrero Maya se encuentra en el proceso de entregar el cargo nacional para asumir esta nueva responsabilidad con Cartagena. Es de recordar que en su hoja de vida destaca haber sido la primera mujer en la historia en ocupar la Presidencia en la C\u00e1mara de Comercio de Cartagena. Ha sido consultora privada y se ha desempe\u00f1ado como gerente de Electricaribe regional Bol\u00edvar, entre otros cargos en el sector privado.<\/p>\n<p>A Fanny Guerrero se le considera cercana al alcalde Quinto Guerra, pues en la campa\u00f1a anterior fue miembro de su cuadro directivo, y ha conservado una saludable relaci\u00f3n, adem\u00e1s tambi\u00e9n tiene el aprecio del sector productivo.<\/p>\n","protected":false},"excerpt":{"rendered":"<p>La ingeniera electricista Fanny Guerrero Maya dejar\u00e1 de ser vicepresidente de Promoci\u00f3n y Fomento de la Agencia Nacional de Miner\u00eda para conducir los megaproyectos de Cartagena, en una decisi\u00f3n concertada del alcalde Quinto Guerra con sectores gremiales y productivos de la ciudad. Cartagena de Indias tiene varios mega retos que tiene que articular con el gobierno nacional, como la defensa costera, y que exigen el cumplimiento de una agenda y un liderazgo espec\u00edfico, diferente de las complicadas responsabilidades de cada Secretar\u00eda. El alcalde Guerra Varela hab\u00eda indicado que estaba conversando&#8230; <\/p>\n","protected":false},"author":3,"featured_media":26236,"comment_status":"open","ping_status":"closed","sticky":false,"template":"","format":"standard","meta":{"footnotes":"","_links_to":"","_links_to_target":""},"categories":[75,32],"tags":[],"class_list":["post-26232","post","type-post","status-publish","format-standard","has-post-thumbnail","hentry","category-destacada","category-actualidad-distrito"],"_links":{"self":[{"href":"https:\/\/revistazetta.com\/index.php?rest_route=\/wp\/v2\/posts\/26232","targetHints":{"allow":["GET"]}}],"collection":[{"href":"https:\/\/revistazetta.com\/index.php?rest_route=\/wp\/v2\/posts"}],"about":[{"href":"https:\/\/revistazetta.com\/index.php?rest_route=\/wp\/v2\/types\/post"}],"author":[{"embeddable":true,"href":"https:\/\/revistazetta.com\/index.php?rest_route=\/wp\/v2\/users\/3"}],"replies":[{"embeddable":true,"href":"https:\/\/revistazetta.com\/index.php?rest_route=%2Fwp%2Fv2%2Fcomments&post=26232"}],"version-history":[{"count":0,"href":"https:\/\/revistazetta.com\/index.php?rest_route=\/wp\/v2\/posts\/26232\/revisions"}],"wp:featuredmedia":[{"embeddable":true,"href":"https:\/\/revistazetta.com\/index.php?rest_route=\/wp\/v2\/media\/26236"}],"wp:attachment":[{"href":"https:\/\/revistazetta.com\/index.php?rest_route=%2Fwp%2Fv2%2Fmedia&parent=26232"}],"wp:term":[{"taxonomy":"category","embeddable":true,"href":"https:\/\/revistazetta.com\/index.php?rest_route=%2Fwp%2Fv2%2Fcategories&post=26232"},{"taxonomy":"post_tag","embeddable":true,"href":"https:\/\/revistazetta.com\/index.php?rest_route=%2Fwp%2Fv2%2Ftags&post=26232"}],"curies":[{"name":"wp","href":"https:\/\/api.w.org\/{rel}","templated":true}]}}