{"id":26234,"date":"2018-05-19T07:38:09","date_gmt":"2018-05-19T12:38:09","guid":{"rendered":"http:\/\/www.revistazetta.com\/?p=26234"},"modified":"2018-05-19T07:38:09","modified_gmt":"2018-05-19T12:38:09","slug":"quinto-pisa-acelerador-juegos-nacionales","status":"publish","type":"post","link":"https:\/\/revistazetta.com\/?p=26234","title":{"rendered":"Quinto pisa acelerador por Juegos Nacionales"},"content":{"rendered":"<p><img loading=\"lazy\" decoding=\"async\" class=\"alignright size-medium wp-image-26238\" src=\"https:\/\/www.revistazetta.com\/wp-content\/uploads\/2018\/05\/PHOTO-2018-05-18-18-25-22-300x188.jpg\" alt=\"\" width=\"300\" height=\"188\" srcset=\"https:\/\/revistazetta.com\/wp-content\/uploads\/2018\/05\/PHOTO-2018-05-18-18-25-22-300x188.jpg 300w, https:\/\/revistazetta.com\/wp-content\/uploads\/2018\/05\/PHOTO-2018-05-18-18-25-22.jpg 1024w, https:\/\/revistazetta.com\/wp-content\/uploads\/2018\/05\/PHOTO-2018-05-18-18-25-22-234x146.jpg 234w, https:\/\/revistazetta.com\/wp-content\/uploads\/2018\/05\/PHOTO-2018-05-18-18-25-22-50x31.jpg 50w, https:\/\/revistazetta.com\/wp-content\/uploads\/2018\/05\/PHOTO-2018-05-18-18-25-22-120x75.jpg 120w\" sizes=\"auto, (max-width: 300px) 100vw, 300px\" \/>Una gesti\u00f3n con buenos dividendos dej\u00f3 el segundo viaje de Antonio Quinto Guerra Varela como alcalde de los cartageneros.<br \/>\nEl mandatario se reuni\u00f3 con Baltazar Medina, presidente del Comit\u00e9 Ol\u00edmpico Colombiano; Afranio Restrepo, subdirector general de Coldeportes; Ciro Solano, secretario General del Comit\u00e9 Ol\u00edmpico Colombiano; Edgar Navarro, fiscal del Comit\u00e9 Ol\u00edmpico Colombiano y Jos\u00e9 Luis Echeverri, segundo vicepresidente del Comit\u00e9 Ol\u00edmpico Colombiano, entre otros, de quienes recibi\u00f3 todo su apoyo en la preparaci\u00f3n de los pr\u00f3ximos Juegos Nacionales, a celebrarse en 2019 en Cartagena y Bol\u00edvar.<br \/>\nEl Alcalde de Cartagena agradeci\u00f3 toda la colaboraci\u00f3n que tanto el Comit\u00e9 Ol\u00edmpico Colombiano como Coldeportes est\u00e1n dispuestos a prestar con el fin de que Cartagena y su dirigencia local y deportiva puedan desarrollar unas magn\u00edficas justas. Las mejores de la historia, de acuerdo con Antonio Quinto Guerra, para que queden en las mentes, tanto de deportistas como de los visitantes que por esa fecha estar\u00e1n en la Heroica y varios municipio de Bol\u00edvar disfrutando de este gran encuentro deportivo nacional.<br \/>\nRecientemente, Guerra Varela se\u00f1al\u00f3 que trabajar\u00e1 de manera conjunta con el gobernador de Bol\u00edvar, Dumek Turbay, para que los Juegos Nacionales que se realizar\u00e1n en Cartagena y varios municipios de Bol\u00edvar en 2019, sean los mejores de la historia de estas justas deportivas.<br \/>\nEl pronunciamiento lo hizo cuando atendi\u00f3 la invitaci\u00f3n para visitar el nuevo estadio de b\u00e9isbol de Barranquilla, Edgar Renter\u00eda, en el que se jugar\u00e1n los partidos de este deporte dentro del calendario de los Juegos Centroamericanos y del Caribe.<br \/>\nEn su estad\u00eda en la capital del Atl\u00e1ntico, el mandatario de los cartageneros se reuni\u00f3 con el alcalde de Barranquilla, Alejandro Char y el gobernador del Atl\u00e1ntico, Eduardo Verano, para conocer de primera mano la experiencia con la organizaci\u00f3n y realizaci\u00f3n de los Juegos Centroamericanos, y as\u00ed enriquecer el proceso de log\u00edstica de las justas deportivas que le corresponder\u00e1n a Cartagena y Bol\u00edvar.<br \/>\n\u201cEl prop\u00f3sito es trabajar junto con el Gobernador, para que el compromiso asumido de ser la sede de los Juegos de la Paz quede para siempre en la memoria de los colombianos y de los deportistas como los mejores en escenarios, log\u00edstica, organizaci\u00f3n y registro de marcas. Invito al gobernador Dumek Turbay, a trabajar conjuntamente, como lo hace el alcalde de Barranquilla, Alejandro Char y el gobernador del Atl\u00e1ntico, Eduardo Verano, quienes de manera articulada lideran la organizaci\u00f3n y realizaci\u00f3n de los Juegos Centroamericanos y del Caribe. Haremos de nuestra regi\u00f3n Caribe el epicentro del deporte nacional. En este gobierno gana Cartagena con m\u00e1s deporte\u201d, asegur\u00f3 el alcalde Guerra Varela.<\/p>\n","protected":false},"excerpt":{"rendered":"<p>Una gesti\u00f3n con buenos dividendos dej\u00f3 el segundo viaje de Antonio Quinto Guerra Varela como alcalde de los cartageneros. El mandatario se reuni\u00f3 con Baltazar Medina, presidente del Comit\u00e9 Ol\u00edmpico Colombiano; Afranio Restrepo, subdirector general de Coldeportes; Ciro Solano, secretario General del Comit\u00e9 Ol\u00edmpico Colombiano; Edgar Navarro, fiscal del Comit\u00e9 Ol\u00edmpico Colombiano y Jos\u00e9 Luis Echeverri, segundo vicepresidente del Comit\u00e9 Ol\u00edmpico Colombiano, entre otros, de quienes recibi\u00f3 todo su apoyo en la preparaci\u00f3n de los pr\u00f3ximos Juegos Nacionales, a celebrarse en 2019 en Cartagena y Bol\u00edvar. El Alcalde de Cartagena&#8230; <\/p>\n","protected":false},"author":3,"featured_media":26237,"comment_status":"open","ping_status":"closed","sticky":false,"template":"","format":"standard","meta":{"footnotes":"","_links_to":"","_links_to_target":""},"categories":[75,53,91],"tags":[],"class_list":["post-26234","post","type-post","status-publish","format-standard","has-post-thumbnail","hentry","category-destacada","category-deportes","category-juegos-nacionales"],"_links":{"self":[{"href":"https:\/\/revistazetta.com\/index.php?rest_route=\/wp\/v2\/posts\/26234","targetHints":{"allow":["GET"]}}],"collection":[{"href":"https:\/\/revistazetta.com\/index.php?rest_route=\/wp\/v2\/posts"}],"about":[{"href":"https:\/\/revistazetta.com\/index.php?rest_route=\/wp\/v2\/types\/post"}],"author":[{"embeddable":true,"href":"https:\/\/revistazetta.com\/index.php?rest_route=\/wp\/v2\/users\/3"}],"replies":[{"embeddable":true,"href":"https:\/\/revistazetta.com\/index.php?rest_route=%2Fwp%2Fv2%2Fcomments&post=26234"}],"version-history":[{"count":0,"href":"https:\/\/revistazetta.com\/index.php?rest_route=\/wp\/v2\/posts\/26234\/revisions"}],"wp:featuredmedia":[{"embeddable":true,"href":"https:\/\/revistazetta.com\/index.php?rest_route=\/wp\/v2\/media\/26237"}],"wp:attachment":[{"href":"https:\/\/revistazetta.com\/index.php?rest_route=%2Fwp%2Fv2%2Fmedia&parent=26234"}],"wp:term":[{"taxonomy":"category","embeddable":true,"href":"https:\/\/revistazetta.com\/index.php?rest_route=%2Fwp%2Fv2%2Fcategories&post=26234"},{"taxonomy":"post_tag","embeddable":true,"href":"https:\/\/revistazetta.com\/index.php?rest_route=%2Fwp%2Fv2%2Ftags&post=26234"}],"curies":[{"name":"wp","href":"https:\/\/api.w.org\/{rel}","templated":true}]}}