{"id":26239,"date":"2018-05-19T07:46:18","date_gmt":"2018-05-19T12:46:18","guid":{"rendered":"http:\/\/www.revistazetta.com\/?p=26239"},"modified":"2018-05-19T07:46:18","modified_gmt":"2018-05-19T12:46:18","slug":"masivo-concurrido-cierre-campana-arjona-german-vargas-lleras","status":"publish","type":"post","link":"https:\/\/revistazetta.com\/?p=26239","title":{"rendered":"Masivo y concurrido cierre de campa\u00f1a en Arjona de Germ\u00e1n Vargas Lleras"},"content":{"rendered":"<p>Las encuestas no reflejan la realidad que se vive en las plazas, donde el favoritismo de Germ\u00e1n Vargas Lleras crece, porque es el presidente que necesitamos los colombianos.<\/p>\n<p>As\u00ed lo se\u00f1al\u00f3 el candidato presidencial en el masivo y colorido cierre de campa\u00f1a en Arjona, Bol\u00edvar, municipio que escogi\u00f3 para significar que ser\u00e1 el presidente del Caribe, de la provincia y de una Colombia con un presidente de comprobada transparencia y capacidad de ejecuci\u00f3n.<\/p>\n<p>Este cierre fue el anticipo del gran cierre nacional, donde la campa\u00f1a de Vargas Lleras pretende movilizar simpatizantes en los 32 departamentos del pa\u00eds.<\/p>\n<p>En la que ser\u00e1 el pre\u00e1mbulo de una gran celebraci\u00f3n, antes de las elecciones del 27 de mayo, los habitantes del municipio de Funza en Cundinamarca ser\u00e1n los primeros en renovar su apoyo al candidato presidencial Germ\u00e1n Vargas Lleras con un gran evento a las 8:30 a.m.<\/p>\n<p>A esta poblaci\u00f3n se ir\u00e1n sumando municipios en todos los rincones del pa\u00eds en donde miles de familias participar\u00e1n de las actividades previstas por la campa\u00f1a. Hacia las 4:00 p.m., el candidato Germ\u00e1n Vargas Lleras se conectar\u00e1 desde Barranquilla a trav\u00e9s del Facebook Live para enviarles su mensaje.<\/p>\n<p>Luego, hacia las 7:00 p.m., Vargas Lleras liderar\u00e1 un Gran cierre de campa\u00f1a en la capital del Atl\u00e1ntico en donde espera reunir a miles de habitantes de la Regi\u00f3n Caribe.<\/p>\n<p>&nbsp;<\/p>\n","protected":false},"excerpt":{"rendered":"<p>Las encuestas no reflejan la realidad que se vive en las plazas, donde el favoritismo de Germ\u00e1n Vargas Lleras crece, porque es el presidente que necesitamos los colombianos. As\u00ed lo se\u00f1al\u00f3 el candidato presidencial en el masivo y colorido cierre de campa\u00f1a en Arjona, Bol\u00edvar, municipio que escogi\u00f3 para significar que ser\u00e1 el presidente del Caribe, de la provincia y de una Colombia con un presidente de comprobada transparencia y capacidad de ejecuci\u00f3n. Este cierre fue el anticipo del gran cierre nacional, donde la campa\u00f1a de Vargas Lleras pretende movilizar&#8230; <\/p>\n","protected":false},"author":3,"featured_media":26235,"comment_status":"open","ping_status":"closed","sticky":false,"template":"","format":"standard","meta":{"footnotes":"","_links_to":"","_links_to_target":""},"categories":[2,75],"tags":[],"class_list":["post-26239","post","type-post","status-publish","format-standard","has-post-thumbnail","hentry","category-actualidad","category-destacada"],"_links":{"self":[{"href":"https:\/\/revistazetta.com\/index.php?rest_route=\/wp\/v2\/posts\/26239","targetHints":{"allow":["GET"]}}],"collection":[{"href":"https:\/\/revistazetta.com\/index.php?rest_route=\/wp\/v2\/posts"}],"about":[{"href":"https:\/\/revistazetta.com\/index.php?rest_route=\/wp\/v2\/types\/post"}],"author":[{"embeddable":true,"href":"https:\/\/revistazetta.com\/index.php?rest_route=\/wp\/v2\/users\/3"}],"replies":[{"embeddable":true,"href":"https:\/\/revistazetta.com\/index.php?rest_route=%2Fwp%2Fv2%2Fcomments&post=26239"}],"version-history":[{"count":0,"href":"https:\/\/revistazetta.com\/index.php?rest_route=\/wp\/v2\/posts\/26239\/revisions"}],"wp:featuredmedia":[{"embeddable":true,"href":"https:\/\/revistazetta.com\/index.php?rest_route=\/wp\/v2\/media\/26235"}],"wp:attachment":[{"href":"https:\/\/revistazetta.com\/index.php?rest_route=%2Fwp%2Fv2%2Fmedia&parent=26239"}],"wp:term":[{"taxonomy":"category","embeddable":true,"href":"https:\/\/revistazetta.com\/index.php?rest_route=%2Fwp%2Fv2%2Fcategories&post=26239"},{"taxonomy":"post_tag","embeddable":true,"href":"https:\/\/revistazetta.com\/index.php?rest_route=%2Fwp%2Fv2%2Ftags&post=26239"}],"curies":[{"name":"wp","href":"https:\/\/api.w.org\/{rel}","templated":true}]}}