{"id":26910,"date":"2018-07-10T07:01:23","date_gmt":"2018-07-10T12:01:23","guid":{"rendered":"http:\/\/www.revistazetta.com\/?p=26910"},"modified":"2018-07-10T07:01:23","modified_gmt":"2018-07-10T12:01:23","slug":"instalada-primera-mesa-territorial-vivienda-gratuita-proyectos-bicentenario-villas-aranjuez","status":"publish","type":"post","link":"https:\/\/revistazetta.com\/?p=26910","title":{"rendered":"Instalada primera Mesa Territorial de Vivienda Gratuita para proyectos de Bicentenario y Villas de Aranjuez"},"content":{"rendered":"<p>Con la presencia de las autoridades se instal\u00f3 la primera Mesa Territorial de Vivienda gratuita de acompa\u00f1amiento social a los proyectos de Bicentenario y Villas de Aranjuez del segundo semestre de 2018.<\/p>\n<p>El objetivo de esta mesa es dar continuidad a las acciones y compromisos adquiridos por cada de una de las entidades del Distrito de Cartagena, seg\u00fan el Decreto 1093 del 26 de julio de 2016.<\/p>\n<p>Dicho encuentro se llev\u00f3 a cabo en las instalaciones de la Alcald\u00eda Menor de la Localidad 2 de la Virgen y Tur\u00edstica.<\/p>\n<p>En el cumplimiento de la mesa se dieron a conocer proyectos de gran importancia que se han venido desarrollando, con el fin de fortalecer\u00a0estas comunidades. Una de las acciones la desarrolla la Secretaria de Educaci\u00f3n, que anunci\u00f3 que se vienen adelantando procesos con el objetivo de garantizar el derecho a la educaci\u00f3n para la poblaci\u00f3n de esta zona de la ciudad.<\/p>\n<p>En la mesa territorial se anunci\u00f3 la construcci\u00f3n de una nueva instituci\u00f3n educativa para lo cual se cuenta con una inversi\u00f3n de aproximadamente 8.900 millones de pesos. As\u00ed mismo, con un predio de 14.501 metros cuadrados para un Centro de Desarrollo Infantil (CDI).<\/p>\n<p>Estos proyectos cuentan con el apoyo del Fondo de Financiamiento de la Estructura Educativa,\u00a0la Fundaci\u00f3n Pies descalzos, la Fundaci\u00f3n Mario Santo Domingo y la Alcald\u00eda de Cartagena.<\/p>\n<p>Por otra parte, Transcaribe anunci\u00f3 la instalaci\u00f3n de puntos de recarga en los sectores Bol\u00edvar, Pen\u00ednsula y Caribe\u00a0del barrio Villas de Aranjuez, as\u00ed como el fortalecimiento de los puntos de recargas de Bicentenario, con el fin de lograr que la comunidad tenga mayor acceso a el transporte masivo.<\/p>\n<p>A su vez la Oficina de Riesgo y Desastres, manifest\u00f3 que hay destinados desde el Gobierno Nacional y el Ministerio de Vivienda 6.000\u00a0millones de pesos para un Centro de Desarrollo Infantil, la Casa del Adulto Mayor, el Centro de la Juventud y el CAI de Bicentenario.<\/p>\n<p>Tambi\u00e9n se anunci\u00f3 la instalaci\u00f3n del Comit\u00e9 Comunitario de Emergencias para la comunidad, el cual estar\u00e1 dotado con camillas\u00a0estabilizadoras, pitos y varios elementos de primeros auxilios. As\u00ed mismo, se les brindar\u00e1 capacitaciones a la comunidad para que se \u00a0pueda prestar una respuesta inmediata en caso de una emergencia.<\/p>\n<p>Por \u00faltimo, la Mesa territorial se comprometi\u00f3 a seguir trabajando mancomunadamente para el beneficio de estas zonas vulnerables de\u00a0la ciudad.<\/p>\n","protected":false},"excerpt":{"rendered":"<p>Con la presencia de las autoridades se instal\u00f3 la primera Mesa Territorial de Vivienda gratuita de acompa\u00f1amiento social a los proyectos de Bicentenario y Villas de Aranjuez del segundo semestre de 2018. El objetivo de esta mesa es dar continuidad a las acciones y compromisos adquiridos por cada de una de las entidades del Distrito de Cartagena, seg\u00fan el Decreto 1093 del 26 de julio de 2016. Dicho encuentro se llev\u00f3 a cabo en las instalaciones de la Alcald\u00eda Menor de la Localidad 2 de la Virgen y Tur\u00edstica. En&#8230; <\/p>\n","protected":false},"author":3,"featured_media":26911,"comment_status":"open","ping_status":"closed","sticky":false,"template":"","format":"standard","meta":{"footnotes":"","_links_to":"","_links_to_target":""},"categories":[75,86,32],"tags":[],"class_list":["post-26910","post","type-post","status-publish","format-standard","has-post-thumbnail","hentry","category-destacada","category-comunidad","category-actualidad-distrito"],"_links":{"self":[{"href":"https:\/\/revistazetta.com\/index.php?rest_route=\/wp\/v2\/posts\/26910","targetHints":{"allow":["GET"]}}],"collection":[{"href":"https:\/\/revistazetta.com\/index.php?rest_route=\/wp\/v2\/posts"}],"about":[{"href":"https:\/\/revistazetta.com\/index.php?rest_route=\/wp\/v2\/types\/post"}],"author":[{"embeddable":true,"href":"https:\/\/revistazetta.com\/index.php?rest_route=\/wp\/v2\/users\/3"}],"replies":[{"embeddable":true,"href":"https:\/\/revistazetta.com\/index.php?rest_route=%2Fwp%2Fv2%2Fcomments&post=26910"}],"version-history":[{"count":0,"href":"https:\/\/revistazetta.com\/index.php?rest_route=\/wp\/v2\/posts\/26910\/revisions"}],"wp:featuredmedia":[{"embeddable":true,"href":"https:\/\/revistazetta.com\/index.php?rest_route=\/wp\/v2\/media\/26911"}],"wp:attachment":[{"href":"https:\/\/revistazetta.com\/index.php?rest_route=%2Fwp%2Fv2%2Fmedia&parent=26910"}],"wp:term":[{"taxonomy":"category","embeddable":true,"href":"https:\/\/revistazetta.com\/index.php?rest_route=%2Fwp%2Fv2%2Fcategories&post=26910"},{"taxonomy":"post_tag","embeddable":true,"href":"https:\/\/revistazetta.com\/index.php?rest_route=%2Fwp%2Fv2%2Ftags&post=26910"}],"curies":[{"name":"wp","href":"https:\/\/api.w.org\/{rel}","templated":true}]}}