{"id":26912,"date":"2018-07-10T07:41:16","date_gmt":"2018-07-10T12:41:16","guid":{"rendered":"http:\/\/www.revistazetta.com\/?p=26912"},"modified":"2018-07-10T07:41:16","modified_gmt":"2018-07-10T12:41:16","slug":"tercera-definitiva-imagen-fiestas-independencia","status":"publish","type":"post","link":"https:\/\/revistazetta.com\/?p=26912","title":{"rendered":"Tercera y \u00bfdefinitiva? imagen de Fiestas de Independencia"},"content":{"rendered":"<p>Despu\u00e9s de dos fiascos consecutivos, donde las im\u00e1genes ganadoras resultaron derivadas de otras originales, ha sido presentado la tercera de las Fiestas de Independencia, que se espera sea genuina y definitiva.<\/p>\n<p>La tem\u00e1tica de las Fiestas de Independencia 2018 \u00a0rinde\u00a0 un homenaje a los cuerpos de agua de Cartagena, con el fin de reivindicar el compromiso de los cartageneros con el medio ambiente circundante, como lo son sus manglares y cuerpos de agua, conformados principalmente por los provenientes del Mar Caribe, incluyendo el Archipi\u00e9lago de San Bernardo, Bah\u00eda de Cartagena, Bah\u00eda de Barbacoas, Ci\u00e9naga de la Virgen,<strong>\u00a0<\/strong>Ca\u00f1os y Lagos internos, Canal del Dique y los Ca\u00f1os y Lagos de las Zonas Rurales Norte y del Sur de la ciudad, as\u00ed como tambi\u00e9n los archipi\u00e9lagos que hacen parte de la circunscripci\u00f3n distrital.<\/p>\n<p><strong>Sobre la imagen<\/strong><\/p>\n<p>La imagen de las Fiestas de Independencia de Cartagena 2018 fue dise\u00f1ada basada en el concepto central de la pasi\u00f3n, presente tanto en la heroica gesta independentista del 11 de noviembre de 1811, como en la celebraci\u00f3n de cada una de las expresiones art\u00edsticas festivas en la actualidad. Este concepto se representa gr\u00e1ficamente a trav\u00e9s de una lanza y una gaita surgiendo de un coraz\u00f3n, creando un complemento entre lo hist\u00f3rico y lo contempor\u00e1neo, acompa\u00f1ada tambi\u00e9n de elementos que apoyan esta idea como la Plaza de la Trinidad de Getseman\u00ed, \u00e1pice en el proceso de Independencia.<\/p>\n<p>En el gr\u00e1fico, tambi\u00e9n se encuentra representada la importante presencia de los cuerpos de agua debido a la ubicaci\u00f3n geogr\u00e1fica de Cartagena, factor determinante en la conquista espa\u00f1ola y posterior independencia de la ciudad, destacando especies muy propias de la fauna y flora cartagenera como los mangles, algas marinas, mojarra, palmeras y otras especies tambi\u00e9n caracter\u00edsticas de Cartagena como la flor de bonche y la mariamulata.<\/p>\n<p>Todos los elementos se integran en una sola escena a trav\u00e9s del movimiento natural de cada uno, creando una din\u00e1mica en cuanto a formas, colores y texturas que enaltecen el esp\u00edritu festivo de la pieza gr\u00e1fica.<\/p>\n<p>\u201cEn 2017, las Fiestas de Independencia rindieron un homenaje a la herencia africana, tras ser declarada Cartagena como sitio de Memoria y Consciencia Afro en 2016. Este a\u00f1o 2018, siendo conocedores de la importancia que reviste para los cartageneros las Fiestas de Independencia como m\u00e1xima expresi\u00f3n de cultura e identidad, queremos aprovechar este encuentro de ciudad para abrir un homenaje, un compromiso, y una inspiraci\u00f3n, a reivindicar, resignificar y rememorar la importancia que reviste para la ciudad el medio ambiente circundante, como lo son sus manglares y cuerpos de agua\u201d, asegur\u00f3 la directora del IPCC, Ruby Mutis.<\/p>\n<p>Desde la Alcald\u00eda de Cartagena y el Instituto de Patrimonio y Cultura, extendemos la invitaci\u00f3n a todos los cartageneros y visitantes a celebrar, rememorar y disfrutar las Fiestas de Independencia 2018.<\/p>\n","protected":false},"excerpt":{"rendered":"<p>Despu\u00e9s de dos fiascos consecutivos, donde las im\u00e1genes ganadoras resultaron derivadas de otras originales, ha sido presentado la tercera de las Fiestas de Independencia, que se espera sea genuina y definitiva. La tem\u00e1tica de las Fiestas de Independencia 2018 \u00a0rinde\u00a0 un homenaje a los cuerpos de agua de Cartagena, con el fin de reivindicar el compromiso de los cartageneros con el medio ambiente circundante, como lo son sus manglares y cuerpos de agua, conformados principalmente por los provenientes del Mar Caribe, incluyendo el Archipi\u00e9lago de San Bernardo, Bah\u00eda de Cartagena,&#8230; <\/p>\n","protected":false},"author":3,"featured_media":26913,"comment_status":"open","ping_status":"closed","sticky":false,"template":"","format":"standard","meta":{"footnotes":"","_links_to":"","_links_to_target":""},"categories":[41,75],"tags":[],"class_list":["post-26912","post","type-post","status-publish","format-standard","has-post-thumbnail","hentry","category-cultura","category-destacada"],"_links":{"self":[{"href":"https:\/\/revistazetta.com\/index.php?rest_route=\/wp\/v2\/posts\/26912","targetHints":{"allow":["GET"]}}],"collection":[{"href":"https:\/\/revistazetta.com\/index.php?rest_route=\/wp\/v2\/posts"}],"about":[{"href":"https:\/\/revistazetta.com\/index.php?rest_route=\/wp\/v2\/types\/post"}],"author":[{"embeddable":true,"href":"https:\/\/revistazetta.com\/index.php?rest_route=\/wp\/v2\/users\/3"}],"replies":[{"embeddable":true,"href":"https:\/\/revistazetta.com\/index.php?rest_route=%2Fwp%2Fv2%2Fcomments&post=26912"}],"version-history":[{"count":0,"href":"https:\/\/revistazetta.com\/index.php?rest_route=\/wp\/v2\/posts\/26912\/revisions"}],"wp:featuredmedia":[{"embeddable":true,"href":"https:\/\/revistazetta.com\/index.php?rest_route=\/wp\/v2\/media\/26913"}],"wp:attachment":[{"href":"https:\/\/revistazetta.com\/index.php?rest_route=%2Fwp%2Fv2%2Fmedia&parent=26912"}],"wp:term":[{"taxonomy":"category","embeddable":true,"href":"https:\/\/revistazetta.com\/index.php?rest_route=%2Fwp%2Fv2%2Fcategories&post=26912"},{"taxonomy":"post_tag","embeddable":true,"href":"https:\/\/revistazetta.com\/index.php?rest_route=%2Fwp%2Fv2%2Ftags&post=26912"}],"curies":[{"name":"wp","href":"https:\/\/api.w.org\/{rel}","templated":true}]}}