{"id":26914,"date":"2018-07-10T07:51:50","date_gmt":"2018-07-10T12:51:50","guid":{"rendered":"http:\/\/www.revistazetta.com\/?p=26914"},"modified":"2018-07-10T07:52:09","modified_gmt":"2018-07-10T12:52:09","slug":"mesa-directiva-del-concejo-quiere-actualizar-reglamento-interno","status":"publish","type":"post","link":"https:\/\/revistazetta.com\/?p=26914","title":{"rendered":"Mesa Directiva\u00a0del Concejo quiere actualizar el reglamento interno"},"content":{"rendered":"<p>El presidente del Concejo, Wilson Toncel Ochoa present\u00f3 en la Plenaria el proyecto de acuerdo que desde la mesa directiva busca expedir el reglamento interno de la Corporaci\u00f3n entre otras disposiciones.<\/p>\n<p>\u201cEste proyecto de acuerdo es la recopilaci\u00f3n del reglamento del Concejo para incluirle normas vigentes a las que hoy reposan en los concejos del pa\u00eds. El documento contendr\u00e1 informaci\u00f3n sobre c\u00f3mo elegir al contralor distrital de la ciudad y al secretario de la Corporaci\u00f3n entre otros puntos. El coordinador del proyecto ser\u00e1 el concejal C\u00e9sar Pi\u00f3n y con \u00e9l Oscar Mar\u00edn, Dagoberto Mac\u00edas y Rafael Meza\u201d, dijo.<\/p>\n<p>A prop\u00f3sito del tema, Toncel manifest\u00f3 su preocupaci\u00f3n por los proyectos de acuerdo que est\u00e1n cursando en la Corporaci\u00f3n y que a la fecha no han recibido respuestas a las solicitudes de informaci\u00f3n. \u201cPido a los coordinadores de los proyectos de acuerdo que est\u00e1n en tr\u00e1mite y que varios de ellos han tenido audiencias p\u00fablicas,\u00a0 que estamos a 22 d\u00edas para que termine este segundo periodo de ordinarias. Necesitamos adelantar primer y segundo debate de cada uno de estos proyectos y las entidades deben entregar la documentaci\u00f3n requerida. Pido a la secretar\u00eda\u00a0 hacer seguimiento del estado de cada uno.\u201d<\/p>\n<p>Seguidamente, el concejal Javier Curi se uni\u00f3 a la inquietud del presidente y apoy\u00f3 su petici\u00f3n. \u201cEfectivamente se han surtido audiencias en varios de los proyectos \u00a0que hemos estado estudiando. Se ha insistido mucho que las exposiciones de motivos, es decir, de argumentar con claridad la conveniencia y justificaci\u00f3n del proyecto, para nosotros no ha sido satisfactoria. \u00a0Por lo tanto, hay interrogantes y dudas que han surgido de los concejales ponentes y no ponentes y que esperamos que se les d\u00e9 respuesta lo antes posible. Aunque el proyecto se apruebe o no, debe quedar en las actas los funcionarios que entregaron y los que no. \u00a0Como por ejemplo: Algunos funcionarios a trav\u00e9s de entrevistas concedidas a otros medios de comunicaci\u00f3n, como el gerente de Transcaribe, Humberto Ripoll asegur\u00f3 que el empr\u00e9stito de 20 mil millones para continuar con la fase de chatarrizaci\u00f3n ser\u00e1 recuperado\u00a0 v\u00eda tarifa. Y eso no nos lo dijo el d\u00eda de la citaci\u00f3n.\u201d Puntualiz\u00f3 Curi.<\/p>\n<p>El concejal David Caballero alert\u00f3 sobre la cercan\u00eda de la fecha de las sesiones ordinarias. \u201cLa gran mayor\u00eda de los proyectos de acuerdo\u00a0 nos presentan una gran cantidad de dudas, sobretodo en el tema de incentivos tributarios. Que no vaya a suceder como en la administraci\u00f3n pasada que desafortunadamente no pudimos aprobar a tiempo el tema del tr\u00e1nsito y se nos ech\u00f3 la culpa. El 30 finalizamos ordinarias, as\u00ed que alerto a los funcionarios a enviar lo solicitado para que la ciudadan\u00eda no piense que el Concejo le pone trabas al curso de los proyectos.\u201d<\/p>\n<p>El concejal Rafael Meza expres\u00f3 su preocupaci\u00f3n debido a que el DADIS no les ha informado c\u00f3mo van las obras del proyecto de acuerdo que aprobaron en las extras. \u201cHa pasado casi un mes desde que aprobamos la incorporaci\u00f3n que inclu\u00eda partidas presupuestales para que se construyeran o terminaran obras en algunos centros de salud de la ciudad. Quisi\u00e9ramos saber c\u00f3mo va la ejecuci\u00f3n, especialmente, en Canapote y en El Poz\u00f3n, que son los dos centros que m\u00e1s presupuesto requieren para adelantar los trabajos.<\/p>\n<p>Si es preciso, citar al director del DADIS y a la Secretaria de infraestructura para que nos diga si la empresa que est\u00e1 llevando a cabo las obras ha incumplido en repetidas ocasiones, especialmente en Canapote, es la que estar\u00e1 al frente del proyecto\u201d<\/p>\n<p><strong>Otros temas<\/strong><\/p>\n<p><strong>Cierre de Playa Blanca<\/strong><\/p>\n<p>La citaci\u00f3n para el director de Cardique, a los representantes del consejo comunitario de Playa Blanca y al Ministerio de Ambiente y Desarrollo Sostenible de acuerdo a la proposici\u00f3n 071 fue suspendida por la inasistencia de los convocados.<\/p>\n<p>En las \u00faltimas semanas, \u00a0medios de comunicaciones nacionales y locales han mencionado el cierre de Playa Blanca, el cual fue autorizado por el Ministerio de Ambiente a trav\u00e9s de una resoluci\u00f3n. Lo que caus\u00f3 en la comunidad inconformismo, por ser quienes dependen del turismo de la zona para su manutenci\u00f3n.<\/p>\n<p>El concejal Oscar Mar\u00edn quien lidera el tema se pronunci\u00f3 ante la ausencia de los citados. \u201cHay un cierre de 1.5 km\u00a0 de playas debido al\u00a0 anidamiento de la tortuga Carey, pero que hoy, hay una tutela que se encuentra en proceso de impugnaci\u00f3n. Voy a reservarme el derecho para realizar este cuestionario, solicitar su respuesta y nuevamente realizar la citaci\u00f3n.\u201d<\/p>\n<p>&nbsp;<\/p>\n","protected":false},"excerpt":{"rendered":"<p>El presidente del Concejo, Wilson Toncel Ochoa present\u00f3 en la Plenaria el proyecto de acuerdo que desde la mesa directiva busca expedir el reglamento interno de la Corporaci\u00f3n entre otras disposiciones. \u201cEste proyecto de acuerdo es la recopilaci\u00f3n del reglamento del Concejo para incluirle normas vigentes a las que hoy reposan en los concejos del pa\u00eds. El documento contendr\u00e1 informaci\u00f3n sobre c\u00f3mo elegir al contralor distrital de la ciudad y al secretario de la Corporaci\u00f3n entre otros puntos. El coordinador del proyecto ser\u00e1 el concejal C\u00e9sar Pi\u00f3n y con \u00e9l&#8230; <\/p>\n","protected":false},"author":3,"featured_media":26915,"comment_status":"open","ping_status":"closed","sticky":false,"template":"","format":"standard","meta":{"footnotes":"","_links_to":"","_links_to_target":""},"categories":[75,27,4],"tags":[],"class_list":["post-26914","post","type-post","status-publish","format-standard","has-post-thumbnail","hentry","category-destacada","category-politicaconcejo","category-politica"],"_links":{"self":[{"href":"https:\/\/revistazetta.com\/index.php?rest_route=\/wp\/v2\/posts\/26914","targetHints":{"allow":["GET"]}}],"collection":[{"href":"https:\/\/revistazetta.com\/index.php?rest_route=\/wp\/v2\/posts"}],"about":[{"href":"https:\/\/revistazetta.com\/index.php?rest_route=\/wp\/v2\/types\/post"}],"author":[{"embeddable":true,"href":"https:\/\/revistazetta.com\/index.php?rest_route=\/wp\/v2\/users\/3"}],"replies":[{"embeddable":true,"href":"https:\/\/revistazetta.com\/index.php?rest_route=%2Fwp%2Fv2%2Fcomments&post=26914"}],"version-history":[{"count":0,"href":"https:\/\/revistazetta.com\/index.php?rest_route=\/wp\/v2\/posts\/26914\/revisions"}],"wp:featuredmedia":[{"embeddable":true,"href":"https:\/\/revistazetta.com\/index.php?rest_route=\/wp\/v2\/media\/26915"}],"wp:attachment":[{"href":"https:\/\/revistazetta.com\/index.php?rest_route=%2Fwp%2Fv2%2Fmedia&parent=26914"}],"wp:term":[{"taxonomy":"category","embeddable":true,"href":"https:\/\/revistazetta.com\/index.php?rest_route=%2Fwp%2Fv2%2Fcategories&post=26914"},{"taxonomy":"post_tag","embeddable":true,"href":"https:\/\/revistazetta.com\/index.php?rest_route=%2Fwp%2Fv2%2Ftags&post=26914"}],"curies":[{"name":"wp","href":"https:\/\/api.w.org\/{rel}","templated":true}]}}