{"id":26918,"date":"2018-07-10T08:11:20","date_gmt":"2018-07-10T13:11:20","guid":{"rendered":"http:\/\/www.revistazetta.com\/?p=26918"},"modified":"2018-07-10T08:11:20","modified_gmt":"2018-07-10T13:11:20","slug":"garantias-proteccion-trabajo-educadora-amenazada-sur-bolivar","status":"publish","type":"post","link":"https:\/\/revistazetta.com\/?p=26918","title":{"rendered":"Garant\u00edas de protecci\u00f3n y trabajo a educadora amenazada en sur de Bol\u00edvar"},"content":{"rendered":"<p>Despu\u00e9s de escuchar las salvajes amenazas de un delincuente que la obligaron a salir de Sur de Bol\u00edvar, la educadora Maga Deyanira Ballestas agradeci\u00f3 al gobernador de Bol\u00edvar, Dumek Turbay, la protecci\u00f3n recibida desde ese momento.<\/p>\n<p>La pedagoga no solo ha recibido protecci\u00f3n para su integridad f\u00edsica, sino tambi\u00e9n estabilidad laboral, para garantizar que siga haciendo lo \u00fanico que ha hecho por muchos a\u00f1os: educar a nuevas generaciones.<\/p>\n<p>\u201cEl se\u00f1or gobernador desde que se enter\u00f3 de mi caso no me ha dado la espalda, me ha cuidado, ha exigido a las autoridades que me proteja, y adem\u00e1s me asegura mi estabilidad laboral, trabajar\u00e9 mucho para hacerlo quedar muy bien con todas su recomendaciones\u201d, indic\u00f3 la profesora.<\/p>\n<p>\u201cMe siento tranquila en este momento por todo el apoyo recibido\u201d, puntualiz\u00f3, y se declar\u00f3 a la espera de los resultados de las investigaciones de las autoridades para identificar el origen de estas amenazas.<\/p>\n<p>El gobernador de Bol\u00edvar expres\u00f3 que junto con la Fuerza P\u00fablica trabajar\u00e1 incansablemente para que ella y todos los l\u00edderes sociales de Bol\u00edvar se sientan seguros para seguir haciendo su labor esenciar por el desarrollo de sus comunidades.<\/p>\n<p>Al concluir un Consejo Extraordinario de Seguridad en la sede de gobierno en la Casa de la Moneda, Dumek Turbay anunci\u00f3 que este s\u00e1bado se reunir\u00e1 con el ministro del interior, Guillermo Rivera, para seguir avanzando en la protecci\u00f3n de personas que ejercen liderazgo positivo en el departamento.<\/p>\n<p>Turbay Paz expres\u00f3 que es prioridad garantizar la vida de los l\u00edderes en Bol\u00edvar. \u201cQue los delincuentes que los amenazan sean prontamente capturados y judicializados\u201d, clam\u00f3 el mandatario.<\/p>\n","protected":false},"excerpt":{"rendered":"<p>Despu\u00e9s de escuchar las salvajes amenazas de un delincuente que la obligaron a salir de Sur de Bol\u00edvar, la educadora Maga Deyanira Ballestas agradeci\u00f3 al gobernador de Bol\u00edvar, Dumek Turbay, la protecci\u00f3n recibida desde ese momento. La pedagoga no solo ha recibido protecci\u00f3n para su integridad f\u00edsica, sino tambi\u00e9n estabilidad laboral, para garantizar que siga haciendo lo \u00fanico que ha hecho por muchos a\u00f1os: educar a nuevas generaciones. \u201cEl se\u00f1or gobernador desde que se enter\u00f3 de mi caso no me ha dado la espalda, me ha cuidado, ha exigido a&#8230; <\/p>\n","protected":false},"author":3,"featured_media":26919,"comment_status":"open","ping_status":"closed","sticky":false,"template":"","format":"standard","meta":{"footnotes":"","_links_to":"","_links_to_target":""},"categories":[2,75],"tags":[],"class_list":["post-26918","post","type-post","status-publish","format-standard","has-post-thumbnail","hentry","category-actualidad","category-destacada"],"_links":{"self":[{"href":"https:\/\/revistazetta.com\/index.php?rest_route=\/wp\/v2\/posts\/26918","targetHints":{"allow":["GET"]}}],"collection":[{"href":"https:\/\/revistazetta.com\/index.php?rest_route=\/wp\/v2\/posts"}],"about":[{"href":"https:\/\/revistazetta.com\/index.php?rest_route=\/wp\/v2\/types\/post"}],"author":[{"embeddable":true,"href":"https:\/\/revistazetta.com\/index.php?rest_route=\/wp\/v2\/users\/3"}],"replies":[{"embeddable":true,"href":"https:\/\/revistazetta.com\/index.php?rest_route=%2Fwp%2Fv2%2Fcomments&post=26918"}],"version-history":[{"count":0,"href":"https:\/\/revistazetta.com\/index.php?rest_route=\/wp\/v2\/posts\/26918\/revisions"}],"wp:featuredmedia":[{"embeddable":true,"href":"https:\/\/revistazetta.com\/index.php?rest_route=\/wp\/v2\/media\/26919"}],"wp:attachment":[{"href":"https:\/\/revistazetta.com\/index.php?rest_route=%2Fwp%2Fv2%2Fmedia&parent=26918"}],"wp:term":[{"taxonomy":"category","embeddable":true,"href":"https:\/\/revistazetta.com\/index.php?rest_route=%2Fwp%2Fv2%2Fcategories&post=26918"},{"taxonomy":"post_tag","embeddable":true,"href":"https:\/\/revistazetta.com\/index.php?rest_route=%2Fwp%2Fv2%2Ftags&post=26918"}],"curies":[{"name":"wp","href":"https:\/\/api.w.org\/{rel}","templated":true}]}}