{"id":26938,"date":"2018-07-11T07:39:17","date_gmt":"2018-07-11T12:39:17","guid":{"rendered":"http:\/\/www.revistazetta.com\/?p=26938"},"modified":"2018-07-11T07:39:17","modified_gmt":"2018-07-11T12:39:17","slug":"mas-familias-accion-arjona-examina-cumplimiento-titulares-menores","status":"publish","type":"post","link":"https:\/\/revistazetta.com\/?p=26938","title":{"rendered":"M\u00e1s Familias en Acci\u00f3n en Arjona examina cumplimiento de titulares con menores"},"content":{"rendered":"<div dir=\"auto\">Con el fin de llegar acuerdos y acciones que permitan mejorar y tener una mayor eficiencia en los procesos operativos del programa M\u00e1s Familias en Acci\u00f3n, se realiz\u00f3 la segunda Mesa Tem\u00e1tica de Salud y Educaci\u00f3n del a\u00f1o 2018.<\/div>\n<div dir=\"auto\">Participaron los diferentes actores, como rectores de las distintas Instituciones Educativas, funcionarios de la administraci\u00f3n Municipal en cabeza de la alcaldesa Esther Mar\u00eda Jalilie, Lisy Bele\u00f1o, Subdirectora Cient\u00edfica de la ESE Hospital Local Arjona, Victoria Garz\u00f3n G\u00f3mez referente del Sistema Nacional del ICBF en el centro zonal Turbaco e IPS del municipio.<\/div>\n<div dir=\"auto\"><\/div>\n<div dir=\"auto\">Dentro de los compromisos adquiridos se destaca el realizarle seguimiento a los 101 ni\u00f1os que se encuentran en incumplimiento por diferentes causales. Es as\u00ed como a trav\u00e9s de la mesa de hoy se establecieron estrategias que vayan encaminadas a identificar y localizar a estos menores y darle cumplimiento a las mismas. Como por ejemplo la revisi\u00f3n de cada uno de estos ni\u00f1os en la base de datos de las diferentes instituciones a fin de encontrar si est\u00e1n matriculados o no en alg\u00fan de estas.<\/div>\n<div dir=\"auto\"><\/div>\n<div dir=\"auto\">De igual forma en los procesos concernientes a salud se sigue incentivando a que los titulares lleven a los ni\u00f1os y ni\u00f1as a los controles de crecimiento y desarrollo con el fin de darle cumplimiento.<\/div>\n<div dir=\"auto\"><\/div>\n<div dir=\"auto\">Para la alcaldesa de Arjona Esther Mar\u00eda Jalilie Grac\u00eda, tanto la ESE Hospital Local de Arjona como las diferentes instituciones pueden apoyar en la identificaci\u00f3n de situaciones en donde a trav\u00e9s del a trav\u00e9s del programa m\u00e1s Familias en Acci\u00f3n y la Secretar\u00eda de Desarrollo Social, la administraci\u00f3n municipal pueda entrar a trabajar en algunas situaciones particulares de las familias beneficiarias.<\/div>\n<div dir=\"auto\"><\/div>\n<div dir=\"auto\">\u201cLo que queremos, primero que contin\u00fae llegando porque sabemos que las familias lo necesitan, pero tambi\u00e9n recalcar en las familias el buen uso de estos recursos que deben ser destinado para temas de educaci\u00f3n y de salud, espec\u00edficamente de nuestros ni\u00f1os. Que las familias deben seguir buscando espacios y oportunidades para fortalecerse y que los ni\u00f1os nunca est\u00e9n fuera del sistema escolar y que siempre est\u00e9n atendidos en salud para garantizarles un presente saludable y un mejor futuro\u201d, recalc\u00f3 la mandataria.<\/div>\n","protected":false},"excerpt":{"rendered":"<p>Con el fin de llegar acuerdos y acciones que permitan mejorar y tener una mayor eficiencia en los procesos operativos del programa M\u00e1s Familias en Acci\u00f3n, se realiz\u00f3 la segunda Mesa Tem\u00e1tica de Salud y Educaci\u00f3n del a\u00f1o 2018. Participaron los diferentes actores, como rectores de las distintas Instituciones Educativas, funcionarios de la administraci\u00f3n Municipal en cabeza de la alcaldesa Esther Mar\u00eda Jalilie, Lisy Bele\u00f1o, Subdirectora Cient\u00edfica de la ESE Hospital Local Arjona, Victoria Garz\u00f3n G\u00f3mez referente del Sistema Nacional del ICBF en el centro zonal Turbaco e IPS del&#8230; <\/p>\n","protected":false},"author":3,"featured_media":26939,"comment_status":"open","ping_status":"closed","sticky":false,"template":"","format":"standard","meta":{"footnotes":"","_links_to":"","_links_to_target":""},"categories":[75,80],"tags":[],"class_list":["post-26938","post","type-post","status-publish","format-standard","has-post-thumbnail","hentry","category-destacada","category-region"],"_links":{"self":[{"href":"https:\/\/revistazetta.com\/index.php?rest_route=\/wp\/v2\/posts\/26938","targetHints":{"allow":["GET"]}}],"collection":[{"href":"https:\/\/revistazetta.com\/index.php?rest_route=\/wp\/v2\/posts"}],"about":[{"href":"https:\/\/revistazetta.com\/index.php?rest_route=\/wp\/v2\/types\/post"}],"author":[{"embeddable":true,"href":"https:\/\/revistazetta.com\/index.php?rest_route=\/wp\/v2\/users\/3"}],"replies":[{"embeddable":true,"href":"https:\/\/revistazetta.com\/index.php?rest_route=%2Fwp%2Fv2%2Fcomments&post=26938"}],"version-history":[{"count":0,"href":"https:\/\/revistazetta.com\/index.php?rest_route=\/wp\/v2\/posts\/26938\/revisions"}],"wp:featuredmedia":[{"embeddable":true,"href":"https:\/\/revistazetta.com\/index.php?rest_route=\/wp\/v2\/media\/26939"}],"wp:attachment":[{"href":"https:\/\/revistazetta.com\/index.php?rest_route=%2Fwp%2Fv2%2Fmedia&parent=26938"}],"wp:term":[{"taxonomy":"category","embeddable":true,"href":"https:\/\/revistazetta.com\/index.php?rest_route=%2Fwp%2Fv2%2Fcategories&post=26938"},{"taxonomy":"post_tag","embeddable":true,"href":"https:\/\/revistazetta.com\/index.php?rest_route=%2Fwp%2Fv2%2Ftags&post=26938"}],"curies":[{"name":"wp","href":"https:\/\/api.w.org\/{rel}","templated":true}]}}