{"id":26941,"date":"2018-07-11T07:52:19","date_gmt":"2018-07-11T12:52:19","guid":{"rendered":"http:\/\/www.revistazetta.com\/?p=26941"},"modified":"2018-07-11T07:52:19","modified_gmt":"2018-07-11T12:52:19","slug":"wilmar-barrios-llevara-la-orden-pedro-romero-los-estadios-del-mundo","status":"publish","type":"post","link":"https:\/\/revistazetta.com\/?p=26941","title":{"rendered":"W\u00edlmar Barrios llevar\u00e1 la Orden Pedro Romero por los estadios del mundo"},"content":{"rendered":"<p><img loading=\"lazy\" decoding=\"async\" class=\"alignright size-medium wp-image-26943\" src=\"https:\/\/www.revistazetta.com\/wp-content\/uploads\/2018\/07\/WILMAR-300x200.jpg\" alt=\"\" width=\"300\" height=\"200\" srcset=\"https:\/\/revistazetta.com\/wp-content\/uploads\/2018\/07\/WILMAR-300x200.jpg 300w, https:\/\/revistazetta.com\/wp-content\/uploads\/2018\/07\/WILMAR-1024x683.jpg 1024w, https:\/\/revistazetta.com\/wp-content\/uploads\/2018\/07\/WILMAR-219x146.jpg 219w, https:\/\/revistazetta.com\/wp-content\/uploads\/2018\/07\/WILMAR-50x33.jpg 50w, https:\/\/revistazetta.com\/wp-content\/uploads\/2018\/07\/WILMAR-112x75.jpg 112w, https:\/\/revistazetta.com\/wp-content\/uploads\/2018\/07\/WILMAR.jpg 1280w\" sizes=\"auto, (max-width: 300px) 100vw, 300px\" \/>Cerca de mil personas se congregaron en el polideportivo de La Candelaria para hacer parte del merecido reconocimiento que la Alcald\u00eda de Cartagena y el IDER le realizaron a Wilmar Barrios para agradecerle su destacada actuaci\u00f3n con la selecci\u00f3n Colombia en el mundial de Rusia 2018.<\/p>\n<p>Barrios Ter\u00e1n, de 24 a\u00f1os, recibi\u00f3 por parte la alcaldesa (e) Yolanda Wong la condecoraci\u00f3n Orden Pedro Romero y copia del decreto del reconocimiento que expresa, \u00abpor su contribuci\u00f3n al fortalecimiento del\u00a0 deporte nacional y su apuesta de una mejor sociedad\u00bb.<\/p>\n<p>\u00abGracias a todas las personas que ayudaron en mi crecimiento, a mi familia que siempre crey\u00f3 en m\u00ed, y tambi\u00e9n quiero invitar a todos los ni\u00f1os que sue\u00f1en en grande y luchen por alcanzar sus sue\u00f1os\u00bb, expres\u00f3 Barrios.<\/p>\n","protected":false},"excerpt":{"rendered":"<p>Cerca de mil personas se congregaron en el polideportivo de La Candelaria para hacer parte del merecido reconocimiento que la Alcald\u00eda de Cartagena y el IDER le realizaron a Wilmar Barrios para agradecerle su destacada actuaci\u00f3n con la selecci\u00f3n Colombia en el mundial de Rusia 2018. Barrios Ter\u00e1n, de 24 a\u00f1os, recibi\u00f3 por parte la alcaldesa (e) Yolanda Wong la condecoraci\u00f3n Orden Pedro Romero y copia del decreto del reconocimiento que expresa, \u00abpor su contribuci\u00f3n al fortalecimiento del\u00a0 deporte nacional y su apuesta de una mejor sociedad\u00bb. \u00abGracias a todas&#8230; <\/p>\n","protected":false},"author":3,"featured_media":26942,"comment_status":"open","ping_status":"closed","sticky":false,"template":"","format":"standard","meta":{"footnotes":"","_links_to":"","_links_to_target":""},"categories":[53,75,54],"tags":[],"class_list":["post-26941","post","type-post","status-publish","format-standard","has-post-thumbnail","hentry","category-deportes","category-destacada","category-futbol"],"_links":{"self":[{"href":"https:\/\/revistazetta.com\/index.php?rest_route=\/wp\/v2\/posts\/26941","targetHints":{"allow":["GET"]}}],"collection":[{"href":"https:\/\/revistazetta.com\/index.php?rest_route=\/wp\/v2\/posts"}],"about":[{"href":"https:\/\/revistazetta.com\/index.php?rest_route=\/wp\/v2\/types\/post"}],"author":[{"embeddable":true,"href":"https:\/\/revistazetta.com\/index.php?rest_route=\/wp\/v2\/users\/3"}],"replies":[{"embeddable":true,"href":"https:\/\/revistazetta.com\/index.php?rest_route=%2Fwp%2Fv2%2Fcomments&post=26941"}],"version-history":[{"count":0,"href":"https:\/\/revistazetta.com\/index.php?rest_route=\/wp\/v2\/posts\/26941\/revisions"}],"wp:featuredmedia":[{"embeddable":true,"href":"https:\/\/revistazetta.com\/index.php?rest_route=\/wp\/v2\/media\/26942"}],"wp:attachment":[{"href":"https:\/\/revistazetta.com\/index.php?rest_route=%2Fwp%2Fv2%2Fmedia&parent=26941"}],"wp:term":[{"taxonomy":"category","embeddable":true,"href":"https:\/\/revistazetta.com\/index.php?rest_route=%2Fwp%2Fv2%2Fcategories&post=26941"},{"taxonomy":"post_tag","embeddable":true,"href":"https:\/\/revistazetta.com\/index.php?rest_route=%2Fwp%2Fv2%2Ftags&post=26941"}],"curies":[{"name":"wp","href":"https:\/\/api.w.org\/{rel}","templated":true}]}}