{"id":26947,"date":"2018-07-11T18:50:57","date_gmt":"2018-07-11T23:50:57","guid":{"rendered":"http:\/\/www.revistazetta.com\/?p=26947"},"modified":"2018-07-11T18:50:57","modified_gmt":"2018-07-11T23:50:57","slug":"duque-designa-alberto-carrasquilla-minhacienda","status":"publish","type":"post","link":"https:\/\/revistazetta.com\/?p=26947","title":{"rendered":"Duque designa a Alberto Carrasquilla como Minhacienda"},"content":{"rendered":"<p>El presidente electo, Iv\u00e1n Duque, design\u00f3 este mi\u00e9rcoles a Alberto Carrasquilla Barrera como ministro de Hacienda y Cr\u00e9dito P\u00fablico.<\/p>\n<p>\u201cEl pr\u00f3ximo ministro de Hacienda de Colombia ser\u00e1 el doctor Alberto Carrasquilla quien fue un exitoso ministro de Hacienda hace unos a\u00f1os, quien ha sido adem\u00e1s Gerente T\u00e9cnico del Banco de la Rep\u00fablica, una persona que conoce a profundidad los temas monetarios, los temas fiscales, que conoce muy bien la estructura presupuestal del Estado y que tiene una gran capacidad de comunicaci\u00f3n\u201d, dijo Duque al t\u00e9rmino de una reuni\u00f3n con el Gerente y la Junta Directiva del Banco de la Rep\u00fablica.<\/p>\n<p>\u201cCreo que la designaci\u00f3n de Alberto Carrasquilla es una muy buena se\u00f1al para la pol\u00edtica econ\u00f3mica y una muy buena se\u00f1al para los mercados internacionales\u201d, agreg\u00f3 Duque.<\/p>\n<div><strong>\u00bfQui\u00e9n es Alberto Carrasquilla?<\/strong><\/div>\n<div>\nEconomista de la Universidad de los Andes (1983). M.S (1985) y Ph.D (1989) en econom\u00eda de la Universidad de Illinois en Urbana-Champaign.<\/p>\n<p>Desde 2017 es socio de Crowe Horwath. Ha sido miembro de la Junta Directiva en varias empresas. Entre 2007 y 2017 fue socio de Konfigura Capital y Profesor de Econom\u00eda en la Universidad de los Andes.<\/p>\n<p>Entre 2003 y 2007 fue ministro de Hacienda y Cr\u00e9dito P\u00fablico. Entre 2005 y 2007 fue elegido Chairman del Comit\u00e9 de Desarrollo, \u00f3rgano consultivo del Fondo Monetario Internacional y el Banco Mundial. En 2006 fue elegido Presidente de la Junta de Gobernadores, \u00f3rgano decisorio principal de la CAF.<\/p>\n<p>Anteriormente, fue Viceministro de Hacienda (2002-2003), Decano de la Facultad de Econom\u00eda de la Universidad de los Andes (2000-2002), Consultor Independiente (1998-2000), Economista L\u00edder de Investigaci\u00f3n en el BID en Washington (1997-1998) y Gerente T\u00e9cnico del Banco de la Rep\u00fablica (1993-1997).<br \/>\n<strong>\u00a0\u00a0 \u00a0<\/strong><\/div>\n<div><strong>La siguiente es la declaraci\u00f3n del presidente electo, Iv\u00e1n Duque, tras reunirse con la Junta Directiva del Banco de la Rep\u00fablica:<\/strong><\/div>\n<div>\n\u201cQuiero agradecerles esta invitaci\u00f3n. Tuvimos una reuni\u00f3n muy amena con el Gerente del Banco de la Rep\u00fablica, con los miembros de la Junta, y tuvimos la posibilidad de hablar de los desaf\u00edos fiscales, los desaf\u00edos en materia de crecimiento, los desaf\u00edos en materia de pol\u00edtica monetaria, que es un tema que ha manejado el Banco de la Rep\u00fablica dentro de su independencia, con la presencia del Ministro de Hacienda.<\/p>\n<p>Debo decir que me complace que estemos alineados con ese gran objetivo para nuestro pa\u00eds, que es poner a crecer a la econom\u00eda colombiana a un ritmo favorable, capaz de reducir de manera progresiva la pobreza, expandir la clase media.<\/p>\n<p>Hablamos adem\u00e1s de la importancia que tiene para nuestro pa\u00eds el desarrollo de muchos sectores productivos. Entonces creo que ha sido un encuentro bastante importante.<\/p>\n<p>Debo tambi\u00e9n aprovechar esta visita para anunciar que el pr\u00f3ximo ministro de Hacienda de Colombia ser\u00e1 el doctor Alberto Carrasquilla, quien fue un exitoso ministro de Hacienda hace unos a\u00f1os, quien ha sido, adem\u00e1s, Gerente T\u00e9cnico del Banco de la Rep\u00fablica, una persona que conoce a profundidad los temas monetarios, los temas fiscales, que conoce muy bien la estructura presupuestal del Estado, y que tiene una gran capacidad de comunicaci\u00f3n.<\/p>\n<p>Creo que la designaci\u00f3n de Alberto Carrasquilla es una muy buena se\u00f1al para la pol\u00edtica econ\u00f3mica y una muy buena se\u00f1al para los mercados internacionales.<\/p>\n<p>Esperamos que este tipo de conversaciones con la Junta del Banco de la Rep\u00fablica las hagamos institucionalizadas y peri\u00f3dicas, para hablar sobre el futuro de la econom\u00eda del pa\u00eds.<\/p>\n<p>De manera que celebro este encuentro y creo, se\u00f1or Gerente, que su hospitalidad y la franqueza con la que abordamos los temas demuestra que vamos a trabajar unidos por el bien de nuestro pa\u00eds. Muchas gracias\u201d.<\/p><\/div>\n<div><\/div>\n","protected":false},"excerpt":{"rendered":"<p>El presidente electo, Iv\u00e1n Duque, design\u00f3 este mi\u00e9rcoles a Alberto Carrasquilla Barrera como ministro de Hacienda y Cr\u00e9dito P\u00fablico. \u201cEl pr\u00f3ximo ministro de Hacienda de Colombia ser\u00e1 el doctor Alberto Carrasquilla quien fue un exitoso ministro de Hacienda hace unos a\u00f1os, quien ha sido adem\u00e1s Gerente T\u00e9cnico del Banco de la Rep\u00fablica, una persona que conoce a profundidad los temas monetarios, los temas fiscales, que conoce muy bien la estructura presupuestal del Estado y que tiene una gran capacidad de comunicaci\u00f3n\u201d, dijo Duque al t\u00e9rmino de una reuni\u00f3n con el&#8230; <\/p>\n","protected":false},"author":3,"featured_media":26948,"comment_status":"open","ping_status":"closed","sticky":false,"template":"","format":"standard","meta":{"footnotes":"","_links_to":"","_links_to_target":""},"categories":[2,35],"tags":[],"class_list":["post-26947","post","type-post","status-publish","format-standard","has-post-thumbnail","hentry","category-actualidad","category-actualidad-nacion"],"_links":{"self":[{"href":"https:\/\/revistazetta.com\/index.php?rest_route=\/wp\/v2\/posts\/26947","targetHints":{"allow":["GET"]}}],"collection":[{"href":"https:\/\/revistazetta.com\/index.php?rest_route=\/wp\/v2\/posts"}],"about":[{"href":"https:\/\/revistazetta.com\/index.php?rest_route=\/wp\/v2\/types\/post"}],"author":[{"embeddable":true,"href":"https:\/\/revistazetta.com\/index.php?rest_route=\/wp\/v2\/users\/3"}],"replies":[{"embeddable":true,"href":"https:\/\/revistazetta.com\/index.php?rest_route=%2Fwp%2Fv2%2Fcomments&post=26947"}],"version-history":[{"count":0,"href":"https:\/\/revistazetta.com\/index.php?rest_route=\/wp\/v2\/posts\/26947\/revisions"}],"wp:featuredmedia":[{"embeddable":true,"href":"https:\/\/revistazetta.com\/index.php?rest_route=\/wp\/v2\/media\/26948"}],"wp:attachment":[{"href":"https:\/\/revistazetta.com\/index.php?rest_route=%2Fwp%2Fv2%2Fmedia&parent=26947"}],"wp:term":[{"taxonomy":"category","embeddable":true,"href":"https:\/\/revistazetta.com\/index.php?rest_route=%2Fwp%2Fv2%2Fcategories&post=26947"},{"taxonomy":"post_tag","embeddable":true,"href":"https:\/\/revistazetta.com\/index.php?rest_route=%2Fwp%2Fv2%2Ftags&post=26947"}],"curies":[{"name":"wp","href":"https:\/\/api.w.org\/{rel}","templated":true}]}}